{"id":104779,"date":"2026-04-29T10:25:10","date_gmt":"2026-04-29T08:25:10","guid":{"rendered":"https:\/\/derigorefrigeration.com\/?p=104779"},"modified":"2026-04-29T10:25:11","modified_gmt":"2026-04-29T08:25:11","slug":"ein-tag-um-gemeinsam-zu-wachsen","status":"publish","type":"post","link":"https:\/\/derigorefrigeration.com\/de\/news-de\/ein-tag-um-gemeinsam-zu-wachsen\/","title":{"rendered":"Ein Tag, um gemeinsam zu wachsen"},"content":{"rendered":"\n<p>Auch in diesem Jahr haben wir uns einen ganzen Tag eine Pause vom Arbeitsalltag geg\u00f6nnt, sind aus dem Unternehmen herausgegangen und haben uns an einem wirklich sch\u00f6nen, von Natur umgebenen Ort getroffen, um uns Zeit f\u00fcr unsere berufliche und pers\u00f6nliche Entwicklung zu nehmen.<br>Wir haben an vier Schulungsformaten teilgenommen, uns in Gruppen abgewechselt und \u00fcber zentrale Themen unserer Unternehmenskultur diskutiert:<\/p>\n\n\n\n<p>\u2022 <strong>Gleichstellung der Geschlechter<\/strong>, um das Bewusstsein zu st\u00e4rken und ein faires sowie respektvolles Arbeitsumfeld zu f\u00f6rdern<br>\u2022 <strong>Informationssicherheit<\/strong>, um Daten und Informationen durch verantwortungsbewusstes digitales Verhalten zu sch\u00fctzen<br>\u2022 <strong>Die Beziehung zu uns selbst und zu anderen<\/strong>, um unser Wohlbefinden sowie pers\u00f6nliche und berufliche Beziehungen zu pflegen<br>\u2022 <strong>Diversit\u00e4t und Inklusion<\/strong>, bereichert durch den inspirierenden Erfahrungsbericht von Daniele Cassioli, der uns gezeigt hat, wie Vielfalt zu einer echten Ressource und einem Motor f\u00fcr Wachstum werden kann<\/p>\n\n\n\n<p>Es war ein Tag voller Impulse, neuer Perspektiven und Reflexionen sowie eine wichtige Gelegenheit, den Teamgeist zu st\u00e4rken. Die Kaffeepausen und das gemeinsame Mittagessen im Freien f\u00f6rderten den Austausch und die Gespr\u00e4che und machten die Erfahrung noch wertvoller.<\/p>\n\n\n\n<p>Ein Dank gilt den Dozentinnen und Dozenten sowie allen Teilnehmenden f\u00fcr ihr Engagement und ihre Begeisterung.<br>In Menschen zu investieren bedeutet, heute und in Zukunft Werte zu schaffen.<\/p>\n","protected":false},"excerpt":{"rendered":"<p>Auch in diesem Jahr haben wir uns einen ganzen Tag eine Pause vom Arbeitsalltag geg\u00f6nnt, sind aus dem Unternehmen herausgegangen und haben uns an einem wirklich sch\u00f6nen, von Natur umgebenen Ort getroffen, um uns Zeit f\u00fcr unsere berufliche und pers\u00f6nliche Entwicklung zu nehmen.Wir haben an vier Schulungsformaten teilgenommen, uns in Gruppen abgewechselt und \u00fcber zentrale [&hellip;]<\/p>\n","protected":false},"author":3,"featured_media":104787,"comment_status":"closed","ping_status":"closed","sticky":false,"template":"","format":"standard","meta":{"_acf_changed":false,"footnotes":""},"categories":[629],"tags":[],"location":[],"class_list":["post-104779","post","type-post","status-publish","format-standard","has-post-thumbnail","hentry","category-news-de"],"acf":[],"yoast_head":"<!-- This site is optimized with the Yoast SEO plugin v27.3 - https:\/\/yoast.com\/product\/yoast-seo-wordpress\/ -->\n<title>Ein Tag, um gemeinsam zu wachsen - Costruttori Remoti, celle frigo, Plug-in e Centrali refrigeranti<\/title>\n<meta name=\"robots\" content=\"index, follow, max-snippet:-1, max-image-preview:large, max-video-preview:-1\" \/>\n<link rel=\"canonical\" href=\"https:\/\/derigorefrigeration.com\/de\/news-de\/ein-tag-um-gemeinsam-zu-wachsen\/\" \/>\n<meta property=\"og:locale\" content=\"de_DE\" \/>\n<meta property=\"og:type\" content=\"article\" \/>\n<meta property=\"og:title\" content=\"Ein Tag, um gemeinsam zu wachsen - Costruttori Remoti, celle frigo, Plug-in e Centrali refrigeranti\" \/>\n<meta property=\"og:description\" content=\"Auch in diesem Jahr haben wir uns einen ganzen Tag eine Pause vom Arbeitsalltag geg\u00f6nnt, sind aus dem Unternehmen herausgegangen und haben uns an einem wirklich sch\u00f6nen, von Natur umgebenen Ort getroffen, um uns Zeit f\u00fcr unsere berufliche und pers\u00f6nliche Entwicklung zu nehmen.Wir haben an vier Schulungsformaten teilgenommen, uns in Gruppen abgewechselt und \u00fcber zentrale [&hellip;]\" \/>\n<meta property=\"og:url\" content=\"https:\/\/derigorefrigeration.com\/de\/news-de\/ein-tag-um-gemeinsam-zu-wachsen\/\" \/>\n<meta property=\"og:site_name\" content=\"Costruttori Remoti, celle frigo, Plug-in e Centrali refrigeranti\" \/>\n<meta property=\"article:published_time\" content=\"2026-04-29T08:25:10+00:00\" \/>\n<meta property=\"article:modified_time\" content=\"2026-04-29T08:25:11+00:00\" \/>\n<meta property=\"og:image\" content=\"https:\/\/derigorefrigeration.com\/wp-content\/uploads\/2026\/04\/formazione-DRR-IN-scaled.jpg\" \/>\n\t<meta property=\"og:image:width\" content=\"2560\" \/>\n\t<meta property=\"og:image:height\" content=\"1947\" \/>\n\t<meta property=\"og:image:type\" content=\"image\/jpeg\" \/>\n<meta name=\"author\" content=\"Valentina Nicolao\" \/>\n<meta name=\"twitter:card\" content=\"summary_large_image\" \/>\n<meta name=\"twitter:label1\" content=\"Verfasst von\" \/>\n\t<meta name=\"twitter:data1\" content=\"Valentina Nicolao\" \/>\n\t<meta name=\"twitter:label2\" content=\"Gesch\u00e4tzte Lesezeit\" \/>\n\t<meta name=\"twitter:data2\" content=\"2\u00a0Minuten\" \/>\n<script type=\"application\/ld+json\" class=\"yoast-schema-graph\">{\"@context\":\"https:\\\/\\\/schema.org\",\"@graph\":[{\"@type\":\"Article\",\"@id\":\"https:\\\/\\\/derigorefrigeration.com\\\/de\\\/news-de\\\/ein-tag-um-gemeinsam-zu-wachsen\\\/#article\",\"isPartOf\":{\"@id\":\"https:\\\/\\\/derigorefrigeration.com\\\/de\\\/news-de\\\/ein-tag-um-gemeinsam-zu-wachsen\\\/\"},\"author\":{\"name\":\"Valentina Nicolao\",\"@id\":\"https:\\\/\\\/derigorefrigeration.com\\\/de\\\/#\\\/schema\\\/person\\\/814de2a13e657cc71847b9bfee6ae94c\"},\"headline\":\"Ein Tag, um gemeinsam zu wachsen\",\"datePublished\":\"2026-04-29T08:25:10+00:00\",\"dateModified\":\"2026-04-29T08:25:11+00:00\",\"mainEntityOfPage\":{\"@id\":\"https:\\\/\\\/derigorefrigeration.com\\\/de\\\/news-de\\\/ein-tag-um-gemeinsam-zu-wachsen\\\/\"},\"wordCount\":219,\"publisher\":{\"@id\":\"https:\\\/\\\/derigorefrigeration.com\\\/de\\\/#organization\"},\"image\":{\"@id\":\"https:\\\/\\\/derigorefrigeration.com\\\/de\\\/news-de\\\/ein-tag-um-gemeinsam-zu-wachsen\\\/#primaryimage\"},\"thumbnailUrl\":\"https:\\\/\\\/derigorefrigeration.com\\\/wp-content\\\/uploads\\\/2026\\\/04\\\/formazione-DRR-IN-scaled.jpg\",\"articleSection\":[\"News\"],\"inLanguage\":\"de\"},{\"@type\":\"WebPage\",\"@id\":\"https:\\\/\\\/derigorefrigeration.com\\\/de\\\/news-de\\\/ein-tag-um-gemeinsam-zu-wachsen\\\/\",\"url\":\"https:\\\/\\\/derigorefrigeration.com\\\/de\\\/news-de\\\/ein-tag-um-gemeinsam-zu-wachsen\\\/\",\"name\":\"Ein Tag, um gemeinsam zu wachsen - Costruttori Remoti, celle frigo, Plug-in e Centrali refrigeranti\",\"isPartOf\":{\"@id\":\"https:\\\/\\\/derigorefrigeration.com\\\/de\\\/#website\"},\"primaryImageOfPage\":{\"@id\":\"https:\\\/\\\/derigorefrigeration.com\\\/de\\\/news-de\\\/ein-tag-um-gemeinsam-zu-wachsen\\\/#primaryimage\"},\"image\":{\"@id\":\"https:\\\/\\\/derigorefrigeration.com\\\/de\\\/news-de\\\/ein-tag-um-gemeinsam-zu-wachsen\\\/#primaryimage\"},\"thumbnailUrl\":\"https:\\\/\\\/derigorefrigeration.com\\\/wp-content\\\/uploads\\\/2026\\\/04\\\/formazione-DRR-IN-scaled.jpg\",\"datePublished\":\"2026-04-29T08:25:10+00:00\",\"dateModified\":\"2026-04-29T08:25:11+00:00\",\"breadcrumb\":{\"@id\":\"https:\\\/\\\/derigorefrigeration.com\\\/de\\\/news-de\\\/ein-tag-um-gemeinsam-zu-wachsen\\\/#breadcrumb\"},\"inLanguage\":\"de\",\"potentialAction\":[{\"@type\":\"ReadAction\",\"target\":[\"https:\\\/\\\/derigorefrigeration.com\\\/de\\\/news-de\\\/ein-tag-um-gemeinsam-zu-wachsen\\\/\"]}]},{\"@type\":\"ImageObject\",\"inLanguage\":\"de\",\"@id\":\"https:\\\/\\\/derigorefrigeration.com\\\/de\\\/news-de\\\/ein-tag-um-gemeinsam-zu-wachsen\\\/#primaryimage\",\"url\":\"https:\\\/\\\/derigorefrigeration.com\\\/wp-content\\\/uploads\\\/2026\\\/04\\\/formazione-DRR-IN-scaled.jpg\",\"contentUrl\":\"https:\\\/\\\/derigorefrigeration.com\\\/wp-content\\\/uploads\\\/2026\\\/04\\\/formazione-DRR-IN-scaled.jpg\",\"width\":2560,\"height\":1947},{\"@type\":\"BreadcrumbList\",\"@id\":\"https:\\\/\\\/derigorefrigeration.com\\\/de\\\/news-de\\\/ein-tag-um-gemeinsam-zu-wachsen\\\/#breadcrumb\",\"itemListElement\":[{\"@type\":\"ListItem\",\"position\":1,\"name\":\"Home\",\"item\":\"https:\\\/\\\/derigorefrigeration.com\\\/de\\\/\"},{\"@type\":\"ListItem\",\"position\":2,\"name\":\"Ein Tag, um gemeinsam zu wachsen\"}]},{\"@type\":\"WebSite\",\"@id\":\"https:\\\/\\\/derigorefrigeration.com\\\/de\\\/#website\",\"url\":\"https:\\\/\\\/derigorefrigeration.com\\\/de\\\/\",\"name\":\"De Rigo Refrigeration\",\"description\":\"Wir sind seit \u00fcber 50 Jahren Hersteller von Fernbedienungen, Plug-ins, K\u00fchlr\u00e4umen und K\u00fchleinheiten.\",\"publisher\":{\"@id\":\"https:\\\/\\\/derigorefrigeration.com\\\/de\\\/#organization\"},\"alternateName\":\"DRR\",\"potentialAction\":[{\"@type\":\"SearchAction\",\"target\":{\"@type\":\"EntryPoint\",\"urlTemplate\":\"https:\\\/\\\/derigorefrigeration.com\\\/de\\\/?s={search_term_string}\"},\"query-input\":{\"@type\":\"PropertyValueSpecification\",\"valueRequired\":true,\"valueName\":\"search_term_string\"}}],\"inLanguage\":\"de\"},{\"@type\":\"Organization\",\"@id\":\"https:\\\/\\\/derigorefrigeration.com\\\/de\\\/#organization\",\"name\":\"De Rigo Refrigeration\",\"url\":\"https:\\\/\\\/derigorefrigeration.com\\\/de\\\/\",\"logo\":{\"@type\":\"ImageObject\",\"inLanguage\":\"de\",\"@id\":\"https:\\\/\\\/derigorefrigeration.com\\\/de\\\/#\\\/schema\\\/logo\\\/image\\\/\",\"url\":\"https:\\\/\\\/derigorefrigeration.com\\\/wp-content\\\/uploads\\\/2023\\\/11\\\/logo_de_rigo.svg\",\"contentUrl\":\"https:\\\/\\\/derigorefrigeration.com\\\/wp-content\\\/uploads\\\/2023\\\/11\\\/logo_de_rigo.svg\",\"width\":265,\"height\":56,\"caption\":\"De Rigo Refrigeration\"},\"image\":{\"@id\":\"https:\\\/\\\/derigorefrigeration.com\\\/de\\\/#\\\/schema\\\/logo\\\/image\\\/\"}},{\"@type\":\"Person\",\"@id\":\"https:\\\/\\\/derigorefrigeration.com\\\/de\\\/#\\\/schema\\\/person\\\/814de2a13e657cc71847b9bfee6ae94c\",\"name\":\"Valentina Nicolao\",\"url\":\"https:\\\/\\\/derigorefrigeration.com\\\/de\\\/author\\\/v-nicolao\\\/\"}]}<\/script>\n<!-- \/ Yoast SEO plugin. -->","yoast_head_json":{"title":"Ein Tag, um gemeinsam zu wachsen - Costruttori Remoti, celle frigo, Plug-in e Centrali refrigeranti","robots":{"index":"index","follow":"follow","max-snippet":"max-snippet:-1","max-image-preview":"max-image-preview:large","max-video-preview":"max-video-preview:-1"},"canonical":"https:\/\/derigorefrigeration.com\/de\/news-de\/ein-tag-um-gemeinsam-zu-wachsen\/","og_locale":"de_DE","og_type":"article","og_title":"Ein Tag, um gemeinsam zu wachsen - Costruttori Remoti, celle frigo, Plug-in e Centrali refrigeranti","og_description":"Auch in diesem Jahr haben wir uns einen ganzen Tag eine Pause vom Arbeitsalltag geg\u00f6nnt, sind aus dem Unternehmen herausgegangen und haben uns an einem wirklich sch\u00f6nen, von Natur umgebenen Ort getroffen, um uns Zeit f\u00fcr unsere berufliche und pers\u00f6nliche Entwicklung zu nehmen.Wir haben an vier Schulungsformaten teilgenommen, uns in Gruppen abgewechselt und \u00fcber zentrale [&hellip;]","og_url":"https:\/\/derigorefrigeration.com\/de\/news-de\/ein-tag-um-gemeinsam-zu-wachsen\/","og_site_name":"Costruttori Remoti, celle frigo, Plug-in e Centrali refrigeranti","article_published_time":"2026-04-29T08:25:10+00:00","article_modified_time":"2026-04-29T08:25:11+00:00","og_image":[{"width":2560,"height":1947,"url":"https:\/\/derigorefrigeration.com\/wp-content\/uploads\/2026\/04\/formazione-DRR-IN-scaled.jpg","type":"image\/jpeg"}],"author":"Valentina Nicolao","twitter_card":"summary_large_image","twitter_misc":{"Verfasst von":"Valentina Nicolao","Gesch\u00e4tzte Lesezeit":"2\u00a0Minuten"},"schema":{"@context":"https:\/\/schema.org","@graph":[{"@type":"Article","@id":"https:\/\/derigorefrigeration.com\/de\/news-de\/ein-tag-um-gemeinsam-zu-wachsen\/#article","isPartOf":{"@id":"https:\/\/derigorefrigeration.com\/de\/news-de\/ein-tag-um-gemeinsam-zu-wachsen\/"},"author":{"name":"Valentina Nicolao","@id":"https:\/\/derigorefrigeration.com\/de\/#\/schema\/person\/814de2a13e657cc71847b9bfee6ae94c"},"headline":"Ein Tag, um gemeinsam zu wachsen","datePublished":"2026-04-29T08:25:10+00:00","dateModified":"2026-04-29T08:25:11+00:00","mainEntityOfPage":{"@id":"https:\/\/derigorefrigeration.com\/de\/news-de\/ein-tag-um-gemeinsam-zu-wachsen\/"},"wordCount":219,"publisher":{"@id":"https:\/\/derigorefrigeration.com\/de\/#organization"},"image":{"@id":"https:\/\/derigorefrigeration.com\/de\/news-de\/ein-tag-um-gemeinsam-zu-wachsen\/#primaryimage"},"thumbnailUrl":"https:\/\/derigorefrigeration.com\/wp-content\/uploads\/2026\/04\/formazione-DRR-IN-scaled.jpg","articleSection":["News"],"inLanguage":"de"},{"@type":"WebPage","@id":"https:\/\/derigorefrigeration.com\/de\/news-de\/ein-tag-um-gemeinsam-zu-wachsen\/","url":"https:\/\/derigorefrigeration.com\/de\/news-de\/ein-tag-um-gemeinsam-zu-wachsen\/","name":"Ein Tag, um gemeinsam zu wachsen - Costruttori Remoti, celle frigo, Plug-in e Centrali refrigeranti","isPartOf":{"@id":"https:\/\/derigorefrigeration.com\/de\/#website"},"primaryImageOfPage":{"@id":"https:\/\/derigorefrigeration.com\/de\/news-de\/ein-tag-um-gemeinsam-zu-wachsen\/#primaryimage"},"image":{"@id":"https:\/\/derigorefrigeration.com\/de\/news-de\/ein-tag-um-gemeinsam-zu-wachsen\/#primaryimage"},"thumbnailUrl":"https:\/\/derigorefrigeration.com\/wp-content\/uploads\/2026\/04\/formazione-DRR-IN-scaled.jpg","datePublished":"2026-04-29T08:25:10+00:00","dateModified":"2026-04-29T08:25:11+00:00","breadcrumb":{"@id":"https:\/\/derigorefrigeration.com\/de\/news-de\/ein-tag-um-gemeinsam-zu-wachsen\/#breadcrumb"},"inLanguage":"de","potentialAction":[{"@type":"ReadAction","target":["https:\/\/derigorefrigeration.com\/de\/news-de\/ein-tag-um-gemeinsam-zu-wachsen\/"]}]},{"@type":"ImageObject","inLanguage":"de","@id":"https:\/\/derigorefrigeration.com\/de\/news-de\/ein-tag-um-gemeinsam-zu-wachsen\/#primaryimage","url":"https:\/\/derigorefrigeration.com\/wp-content\/uploads\/2026\/04\/formazione-DRR-IN-scaled.jpg","contentUrl":"https:\/\/derigorefrigeration.com\/wp-content\/uploads\/2026\/04\/formazione-DRR-IN-scaled.jpg","width":2560,"height":1947},{"@type":"BreadcrumbList","@id":"https:\/\/derigorefrigeration.com\/de\/news-de\/ein-tag-um-gemeinsam-zu-wachsen\/#breadcrumb","itemListElement":[{"@type":"ListItem","position":1,"name":"Home","item":"https:\/\/derigorefrigeration.com\/de\/"},{"@type":"ListItem","position":2,"name":"Ein Tag, um gemeinsam zu wachsen"}]},{"@type":"WebSite","@id":"https:\/\/derigorefrigeration.com\/de\/#website","url":"https:\/\/derigorefrigeration.com\/de\/","name":"De Rigo Refrigeration","description":"Wir sind seit \u00fcber 50 Jahren Hersteller von Fernbedienungen, Plug-ins, K\u00fchlr\u00e4umen und K\u00fchleinheiten.","publisher":{"@id":"https:\/\/derigorefrigeration.com\/de\/#organization"},"alternateName":"DRR","potentialAction":[{"@type":"SearchAction","target":{"@type":"EntryPoint","urlTemplate":"https:\/\/derigorefrigeration.com\/de\/?s={search_term_string}"},"query-input":{"@type":"PropertyValueSpecification","valueRequired":true,"valueName":"search_term_string"}}],"inLanguage":"de"},{"@type":"Organization","@id":"https:\/\/derigorefrigeration.com\/de\/#organization","name":"De Rigo Refrigeration","url":"https:\/\/derigorefrigeration.com\/de\/","logo":{"@type":"ImageObject","inLanguage":"de","@id":"https:\/\/derigorefrigeration.com\/de\/#\/schema\/logo\/image\/","url":"https:\/\/derigorefrigeration.com\/wp-content\/uploads\/2023\/11\/logo_de_rigo.svg","contentUrl":"https:\/\/derigorefrigeration.com\/wp-content\/uploads\/2023\/11\/logo_de_rigo.svg","width":265,"height":56,"caption":"De Rigo Refrigeration"},"image":{"@id":"https:\/\/derigorefrigeration.com\/de\/#\/schema\/logo\/image\/"}},{"@type":"Person","@id":"https:\/\/derigorefrigeration.com\/de\/#\/schema\/person\/814de2a13e657cc71847b9bfee6ae94c","name":"Valentina Nicolao","url":"https:\/\/derigorefrigeration.com\/de\/author\/v-nicolao\/"}]}},"_links":{"self":[{"href":"https:\/\/derigorefrigeration.com\/de\/wp-json\/wp\/v2\/posts\/104779","targetHints":{"allow":["GET"]}}],"collection":[{"href":"https:\/\/derigorefrigeration.com\/de\/wp-json\/wp\/v2\/posts"}],"about":[{"href":"https:\/\/derigorefrigeration.com\/de\/wp-json\/wp\/v2\/types\/post"}],"author":[{"embeddable":true,"href":"https:\/\/derigorefrigeration.com\/de\/wp-json\/wp\/v2\/users\/3"}],"replies":[{"embeddable":true,"href":"https:\/\/derigorefrigeration.com\/de\/wp-json\/wp\/v2\/comments?post=104779"}],"version-history":[{"count":2,"href":"https:\/\/derigorefrigeration.com\/de\/wp-json\/wp\/v2\/posts\/104779\/revisions"}],"predecessor-version":[{"id":104798,"href":"https:\/\/derigorefrigeration.com\/de\/wp-json\/wp\/v2\/posts\/104779\/revisions\/104798"}],"wp:featuredmedia":[{"embeddable":true,"href":"https:\/\/derigorefrigeration.com\/de\/wp-json\/wp\/v2\/media\/104787"}],"wp:attachment":[{"href":"https:\/\/derigorefrigeration.com\/de\/wp-json\/wp\/v2\/media?parent=104779"}],"wp:term":[{"taxonomy":"category","embeddable":true,"href":"https:\/\/derigorefrigeration.com\/de\/wp-json\/wp\/v2\/categories?post=104779"},{"taxonomy":"post_tag","embeddable":true,"href":"https:\/\/derigorefrigeration.com\/de\/wp-json\/wp\/v2\/tags?post=104779"},{"taxonomy":"location","embeddable":true,"href":"https:\/\/derigorefrigeration.com\/de\/wp-json\/wp\/v2\/location?post=104779"}],"curies":[{"name":"wp","href":"https:\/\/api.w.org\/{rel}","templated":true}]}}