{"id":94638,"date":"2024-09-25T00:00:00","date_gmt":"2024-09-24T22:00:00","guid":{"rendered":"https:\/\/derigorefrigeration.com\/2024\/09\/25\/de-rigo-refrigeration-trifft-schueler-der-abschlussklassen\/"},"modified":"2024-09-25T00:00:00","modified_gmt":"2024-09-24T22:00:00","slug":"de-rigo-refrigeration-trifft-schueler-der-abschlussklassen","status":"publish","type":"post","link":"https:\/\/derigorefrigeration.com\/de\/news-de\/de-rigo-refrigeration-trifft-schueler-der-abschlussklassen\/","title":{"rendered":"De Rigo Refrigeration trifft Sch\u00fcler der Abschlussklassen"},"content":{"rendered":"<p>Unser Unternehmen hat k\u00fcrzlich an ein wichtiges Ereignis teilgenommen, die darauf zielt, den Sch\u00fclern der Abschlussklassen die wichtigsten Unternehmen der Provinz Belluno n\u00e4her zu kommen.<br \/>\nEine Veranstaltung, die gemacht wurde, mit dem Ziel den Jugendlichen die wichtigsten Unternehmen unserer Region vorzustellen und Ihnen zu helfen, sich an der Arbeitswelt zu orientieren.<br \/>\nDe Rigo Refrigeration konnte sich diesen Termin nicht entgehen lassen. Graziella Bortot als Personalleiterin und der technische Leiter Marco Miatton, erkl\u00e4rten den Jugendlichen, womit sich unser Unternehmen besch\u00e4ftigt und welche beruflichen F\u00e4higkeiten im Bereich der gewerblichen K\u00fchlung am meisten gefragt sind.<br \/>\nDurch Workshops, Labore und simulierte Vorstellungsgespr\u00e4che, konnten die Sch\u00fcler so besser verstehen, was die industrielle Realit\u00e4t dieser sch\u00f6nen Gegend ihnen bieten kann.<br \/>\nWir in der DRR sind davon \u00fcberzeugt, dass die Konfrontation mit den neuen Generationen von grundlegender Bedeutung ist; ihnen zuzuh\u00f6ren und sich bei der Wahl ihres zuk\u00fcnftigen Berufsweges zu unterst\u00fctzen. Dies tr\u00e4gt dazu bei, eine erfolgreiche Kombination zwischen ihren W\u00fcnschen und dem realen Angebot des Industriemarktes zu schaffen.<\/p>\n","protected":false},"excerpt":{"rendered":"<p>Unser Unternehmen hat k\u00fcrzlich an ein wichtiges Ereignis teilgenommen, die darauf zielt, den Sch\u00fclern der Abschlussklassen die wichtigsten Unternehmen der Provinz Belluno n\u00e4her zu kommen&#8230;<\/p>\n","protected":false},"author":1,"featured_media":91094,"comment_status":"closed","ping_status":"closed","sticky":false,"template":"","format":"standard","meta":{"_acf_changed":false,"footnotes":""},"categories":[629],"tags":[],"location":[],"class_list":["post-94638","post","type-post","status-publish","format-standard","has-post-thumbnail","hentry","category-news-de"],"acf":[],"yoast_head":"<!-- This site is optimized with the Yoast SEO plugin v27.3 - https:\/\/yoast.com\/product\/yoast-seo-wordpress\/ -->\n<title>De Rigo Refrigeration trifft Sch\u00fcler der Abschlussklassen - Costruttori Remoti, celle frigo, Plug-in e Centrali refrigeranti<\/title>\n<meta name=\"robots\" content=\"index, follow, max-snippet:-1, max-image-preview:large, max-video-preview:-1\" \/>\n<link rel=\"canonical\" href=\"https:\/\/derigorefrigeration.com\/de\/news-de\/de-rigo-refrigeration-trifft-schueler-der-abschlussklassen\/\" \/>\n<meta property=\"og:locale\" content=\"de_DE\" \/>\n<meta property=\"og:type\" content=\"article\" \/>\n<meta property=\"og:title\" content=\"De Rigo Refrigeration trifft Sch\u00fcler der Abschlussklassen - Costruttori Remoti, celle frigo, Plug-in e Centrali refrigeranti\" \/>\n<meta property=\"og:description\" content=\"Unser Unternehmen hat k\u00fcrzlich an ein wichtiges Ereignis teilgenommen, die darauf zielt, den Sch\u00fclern der Abschlussklassen die wichtigsten Unternehmen der Provinz Belluno n\u00e4her zu kommen...\" \/>\n<meta property=\"og:url\" content=\"https:\/\/derigorefrigeration.com\/de\/news-de\/de-rigo-refrigeration-trifft-schueler-der-abschlussklassen\/\" \/>\n<meta property=\"og:site_name\" content=\"Costruttori Remoti, celle frigo, Plug-in e Centrali refrigeranti\" \/>\n<meta property=\"article:published_time\" content=\"2024-09-24T22:00:00+00:00\" \/>\n<meta property=\"og:image\" content=\"https:\/\/derigorefrigeration.com\/wp-content\/uploads\/2025\/01\/Carriera-360-sito.jpg\" \/>\n\t<meta property=\"og:image:width\" content=\"1280\" \/>\n\t<meta property=\"og:image:height\" content=\"823\" \/>\n\t<meta property=\"og:image:type\" content=\"image\/jpeg\" \/>\n<meta name=\"author\" content=\"drrwkp\" \/>\n<meta name=\"twitter:card\" content=\"summary_large_image\" \/>\n<meta name=\"twitter:label1\" content=\"Verfasst von\" \/>\n\t<meta name=\"twitter:data1\" content=\"drrwkp\" \/>\n\t<meta name=\"twitter:label2\" content=\"Gesch\u00e4tzte Lesezeit\" \/>\n\t<meta name=\"twitter:data2\" content=\"1\u00a0Minute\" \/>\n<script type=\"application\/ld+json\" class=\"yoast-schema-graph\">{\"@context\":\"https:\\\/\\\/schema.org\",\"@graph\":[{\"@type\":\"Article\",\"@id\":\"https:\\\/\\\/derigorefrigeration.com\\\/de\\\/news-de\\\/de-rigo-refrigeration-trifft-schueler-der-abschlussklassen\\\/#article\",\"isPartOf\":{\"@id\":\"https:\\\/\\\/derigorefrigeration.com\\\/de\\\/news-de\\\/de-rigo-refrigeration-trifft-schueler-der-abschlussklassen\\\/\"},\"author\":{\"name\":\"drrwkp\",\"@id\":\"https:\\\/\\\/derigorefrigeration.com\\\/de\\\/#\\\/schema\\\/person\\\/5925364b82d1760a027fd2e399486632\"},\"headline\":\"De Rigo Refrigeration trifft Sch\u00fcler der Abschlussklassen\",\"datePublished\":\"2024-09-24T22:00:00+00:00\",\"mainEntityOfPage\":{\"@id\":\"https:\\\/\\\/derigorefrigeration.com\\\/de\\\/news-de\\\/de-rigo-refrigeration-trifft-schueler-der-abschlussklassen\\\/\"},\"wordCount\":186,\"publisher\":{\"@id\":\"https:\\\/\\\/derigorefrigeration.com\\\/de\\\/#organization\"},\"image\":{\"@id\":\"https:\\\/\\\/derigorefrigeration.com\\\/de\\\/news-de\\\/de-rigo-refrigeration-trifft-schueler-der-abschlussklassen\\\/#primaryimage\"},\"thumbnailUrl\":\"https:\\\/\\\/derigorefrigeration.com\\\/wp-content\\\/uploads\\\/2025\\\/01\\\/Carriera-360-sito-e1743774439322.jpg\",\"articleSection\":[\"News\"],\"inLanguage\":\"de\"},{\"@type\":\"WebPage\",\"@id\":\"https:\\\/\\\/derigorefrigeration.com\\\/de\\\/news-de\\\/de-rigo-refrigeration-trifft-schueler-der-abschlussklassen\\\/\",\"url\":\"https:\\\/\\\/derigorefrigeration.com\\\/de\\\/news-de\\\/de-rigo-refrigeration-trifft-schueler-der-abschlussklassen\\\/\",\"name\":\"De Rigo Refrigeration trifft Sch\u00fcler der Abschlussklassen - Costruttori Remoti, celle frigo, Plug-in e Centrali refrigeranti\",\"isPartOf\":{\"@id\":\"https:\\\/\\\/derigorefrigeration.com\\\/de\\\/#website\"},\"primaryImageOfPage\":{\"@id\":\"https:\\\/\\\/derigorefrigeration.com\\\/de\\\/news-de\\\/de-rigo-refrigeration-trifft-schueler-der-abschlussklassen\\\/#primaryimage\"},\"image\":{\"@id\":\"https:\\\/\\\/derigorefrigeration.com\\\/de\\\/news-de\\\/de-rigo-refrigeration-trifft-schueler-der-abschlussklassen\\\/#primaryimage\"},\"thumbnailUrl\":\"https:\\\/\\\/derigorefrigeration.com\\\/wp-content\\\/uploads\\\/2025\\\/01\\\/Carriera-360-sito-e1743774439322.jpg\",\"datePublished\":\"2024-09-24T22:00:00+00:00\",\"breadcrumb\":{\"@id\":\"https:\\\/\\\/derigorefrigeration.com\\\/de\\\/news-de\\\/de-rigo-refrigeration-trifft-schueler-der-abschlussklassen\\\/#breadcrumb\"},\"inLanguage\":\"de\",\"potentialAction\":[{\"@type\":\"ReadAction\",\"target\":[\"https:\\\/\\\/derigorefrigeration.com\\\/de\\\/news-de\\\/de-rigo-refrigeration-trifft-schueler-der-abschlussklassen\\\/\"]}]},{\"@type\":\"ImageObject\",\"inLanguage\":\"de\",\"@id\":\"https:\\\/\\\/derigorefrigeration.com\\\/de\\\/news-de\\\/de-rigo-refrigeration-trifft-schueler-der-abschlussklassen\\\/#primaryimage\",\"url\":\"https:\\\/\\\/derigorefrigeration.com\\\/wp-content\\\/uploads\\\/2025\\\/01\\\/Carriera-360-sito-e1743774439322.jpg\",\"contentUrl\":\"https:\\\/\\\/derigorefrigeration.com\\\/wp-content\\\/uploads\\\/2025\\\/01\\\/Carriera-360-sito-e1743774439322.jpg\",\"width\":800,\"height\":514,\"caption\":\"Carriera-360-sito\"},{\"@type\":\"BreadcrumbList\",\"@id\":\"https:\\\/\\\/derigorefrigeration.com\\\/de\\\/news-de\\\/de-rigo-refrigeration-trifft-schueler-der-abschlussklassen\\\/#breadcrumb\",\"itemListElement\":[{\"@type\":\"ListItem\",\"position\":1,\"name\":\"Home\",\"item\":\"https:\\\/\\\/derigorefrigeration.com\\\/de\\\/\"},{\"@type\":\"ListItem\",\"position\":2,\"name\":\"De Rigo Refrigeration trifft Sch\u00fcler der Abschlussklassen\"}]},{\"@type\":\"WebSite\",\"@id\":\"https:\\\/\\\/derigorefrigeration.com\\\/de\\\/#website\",\"url\":\"https:\\\/\\\/derigorefrigeration.com\\\/de\\\/\",\"name\":\"De Rigo Refrigeration\",\"description\":\"Wir sind seit \u00fcber 50 Jahren Hersteller von Fernbedienungen, Plug-ins, K\u00fchlr\u00e4umen und K\u00fchleinheiten.\",\"publisher\":{\"@id\":\"https:\\\/\\\/derigorefrigeration.com\\\/de\\\/#organization\"},\"alternateName\":\"DRR\",\"potentialAction\":[{\"@type\":\"SearchAction\",\"target\":{\"@type\":\"EntryPoint\",\"urlTemplate\":\"https:\\\/\\\/derigorefrigeration.com\\\/de\\\/?s={search_term_string}\"},\"query-input\":{\"@type\":\"PropertyValueSpecification\",\"valueRequired\":true,\"valueName\":\"search_term_string\"}}],\"inLanguage\":\"de\"},{\"@type\":\"Organization\",\"@id\":\"https:\\\/\\\/derigorefrigeration.com\\\/de\\\/#organization\",\"name\":\"De Rigo Refrigeration\",\"url\":\"https:\\\/\\\/derigorefrigeration.com\\\/de\\\/\",\"logo\":{\"@type\":\"ImageObject\",\"inLanguage\":\"de\",\"@id\":\"https:\\\/\\\/derigorefrigeration.com\\\/de\\\/#\\\/schema\\\/logo\\\/image\\\/\",\"url\":\"https:\\\/\\\/derigorefrigeration.com\\\/wp-content\\\/uploads\\\/2023\\\/11\\\/logo_de_rigo.svg\",\"contentUrl\":\"https:\\\/\\\/derigorefrigeration.com\\\/wp-content\\\/uploads\\\/2023\\\/11\\\/logo_de_rigo.svg\",\"width\":265,\"height\":56,\"caption\":\"De Rigo Refrigeration\"},\"image\":{\"@id\":\"https:\\\/\\\/derigorefrigeration.com\\\/de\\\/#\\\/schema\\\/logo\\\/image\\\/\"}},{\"@type\":\"Person\",\"@id\":\"https:\\\/\\\/derigorefrigeration.com\\\/de\\\/#\\\/schema\\\/person\\\/5925364b82d1760a027fd2e399486632\",\"name\":\"drrwkp\",\"sameAs\":[\"https:\\\/\\\/beaverlab.com\"],\"url\":\"https:\\\/\\\/derigorefrigeration.com\\\/de\\\/author\\\/drrwkp\\\/\"}]}<\/script>\n<!-- \/ Yoast SEO plugin. -->","yoast_head_json":{"title":"De Rigo Refrigeration trifft Sch\u00fcler der Abschlussklassen - Costruttori Remoti, celle frigo, Plug-in e Centrali refrigeranti","robots":{"index":"index","follow":"follow","max-snippet":"max-snippet:-1","max-image-preview":"max-image-preview:large","max-video-preview":"max-video-preview:-1"},"canonical":"https:\/\/derigorefrigeration.com\/de\/news-de\/de-rigo-refrigeration-trifft-schueler-der-abschlussklassen\/","og_locale":"de_DE","og_type":"article","og_title":"De Rigo Refrigeration trifft Sch\u00fcler der Abschlussklassen - Costruttori Remoti, celle frigo, Plug-in e Centrali refrigeranti","og_description":"Unser Unternehmen hat k\u00fcrzlich an ein wichtiges Ereignis teilgenommen, die darauf zielt, den Sch\u00fclern der Abschlussklassen die wichtigsten Unternehmen der Provinz Belluno n\u00e4her zu kommen...","og_url":"https:\/\/derigorefrigeration.com\/de\/news-de\/de-rigo-refrigeration-trifft-schueler-der-abschlussklassen\/","og_site_name":"Costruttori Remoti, celle frigo, Plug-in e Centrali refrigeranti","article_published_time":"2024-09-24T22:00:00+00:00","og_image":[{"width":1280,"height":823,"url":"https:\/\/derigorefrigeration.com\/wp-content\/uploads\/2025\/01\/Carriera-360-sito.jpg","type":"image\/jpeg"}],"author":"drrwkp","twitter_card":"summary_large_image","twitter_misc":{"Verfasst von":"drrwkp","Gesch\u00e4tzte Lesezeit":"1\u00a0Minute"},"schema":{"@context":"https:\/\/schema.org","@graph":[{"@type":"Article","@id":"https:\/\/derigorefrigeration.com\/de\/news-de\/de-rigo-refrigeration-trifft-schueler-der-abschlussklassen\/#article","isPartOf":{"@id":"https:\/\/derigorefrigeration.com\/de\/news-de\/de-rigo-refrigeration-trifft-schueler-der-abschlussklassen\/"},"author":{"name":"drrwkp","@id":"https:\/\/derigorefrigeration.com\/de\/#\/schema\/person\/5925364b82d1760a027fd2e399486632"},"headline":"De Rigo Refrigeration trifft Sch\u00fcler der Abschlussklassen","datePublished":"2024-09-24T22:00:00+00:00","mainEntityOfPage":{"@id":"https:\/\/derigorefrigeration.com\/de\/news-de\/de-rigo-refrigeration-trifft-schueler-der-abschlussklassen\/"},"wordCount":186,"publisher":{"@id":"https:\/\/derigorefrigeration.com\/de\/#organization"},"image":{"@id":"https:\/\/derigorefrigeration.com\/de\/news-de\/de-rigo-refrigeration-trifft-schueler-der-abschlussklassen\/#primaryimage"},"thumbnailUrl":"https:\/\/derigorefrigeration.com\/wp-content\/uploads\/2025\/01\/Carriera-360-sito-e1743774439322.jpg","articleSection":["News"],"inLanguage":"de"},{"@type":"WebPage","@id":"https:\/\/derigorefrigeration.com\/de\/news-de\/de-rigo-refrigeration-trifft-schueler-der-abschlussklassen\/","url":"https:\/\/derigorefrigeration.com\/de\/news-de\/de-rigo-refrigeration-trifft-schueler-der-abschlussklassen\/","name":"De Rigo Refrigeration trifft Sch\u00fcler der Abschlussklassen - Costruttori Remoti, celle frigo, Plug-in e Centrali refrigeranti","isPartOf":{"@id":"https:\/\/derigorefrigeration.com\/de\/#website"},"primaryImageOfPage":{"@id":"https:\/\/derigorefrigeration.com\/de\/news-de\/de-rigo-refrigeration-trifft-schueler-der-abschlussklassen\/#primaryimage"},"image":{"@id":"https:\/\/derigorefrigeration.com\/de\/news-de\/de-rigo-refrigeration-trifft-schueler-der-abschlussklassen\/#primaryimage"},"thumbnailUrl":"https:\/\/derigorefrigeration.com\/wp-content\/uploads\/2025\/01\/Carriera-360-sito-e1743774439322.jpg","datePublished":"2024-09-24T22:00:00+00:00","breadcrumb":{"@id":"https:\/\/derigorefrigeration.com\/de\/news-de\/de-rigo-refrigeration-trifft-schueler-der-abschlussklassen\/#breadcrumb"},"inLanguage":"de","potentialAction":[{"@type":"ReadAction","target":["https:\/\/derigorefrigeration.com\/de\/news-de\/de-rigo-refrigeration-trifft-schueler-der-abschlussklassen\/"]}]},{"@type":"ImageObject","inLanguage":"de","@id":"https:\/\/derigorefrigeration.com\/de\/news-de\/de-rigo-refrigeration-trifft-schueler-der-abschlussklassen\/#primaryimage","url":"https:\/\/derigorefrigeration.com\/wp-content\/uploads\/2025\/01\/Carriera-360-sito-e1743774439322.jpg","contentUrl":"https:\/\/derigorefrigeration.com\/wp-content\/uploads\/2025\/01\/Carriera-360-sito-e1743774439322.jpg","width":800,"height":514,"caption":"Carriera-360-sito"},{"@type":"BreadcrumbList","@id":"https:\/\/derigorefrigeration.com\/de\/news-de\/de-rigo-refrigeration-trifft-schueler-der-abschlussklassen\/#breadcrumb","itemListElement":[{"@type":"ListItem","position":1,"name":"Home","item":"https:\/\/derigorefrigeration.com\/de\/"},{"@type":"ListItem","position":2,"name":"De Rigo Refrigeration trifft Sch\u00fcler der Abschlussklassen"}]},{"@type":"WebSite","@id":"https:\/\/derigorefrigeration.com\/de\/#website","url":"https:\/\/derigorefrigeration.com\/de\/","name":"De Rigo Refrigeration","description":"Wir sind seit \u00fcber 50 Jahren Hersteller von Fernbedienungen, Plug-ins, K\u00fchlr\u00e4umen und K\u00fchleinheiten.","publisher":{"@id":"https:\/\/derigorefrigeration.com\/de\/#organization"},"alternateName":"DRR","potentialAction":[{"@type":"SearchAction","target":{"@type":"EntryPoint","urlTemplate":"https:\/\/derigorefrigeration.com\/de\/?s={search_term_string}"},"query-input":{"@type":"PropertyValueSpecification","valueRequired":true,"valueName":"search_term_string"}}],"inLanguage":"de"},{"@type":"Organization","@id":"https:\/\/derigorefrigeration.com\/de\/#organization","name":"De Rigo Refrigeration","url":"https:\/\/derigorefrigeration.com\/de\/","logo":{"@type":"ImageObject","inLanguage":"de","@id":"https:\/\/derigorefrigeration.com\/de\/#\/schema\/logo\/image\/","url":"https:\/\/derigorefrigeration.com\/wp-content\/uploads\/2023\/11\/logo_de_rigo.svg","contentUrl":"https:\/\/derigorefrigeration.com\/wp-content\/uploads\/2023\/11\/logo_de_rigo.svg","width":265,"height":56,"caption":"De Rigo Refrigeration"},"image":{"@id":"https:\/\/derigorefrigeration.com\/de\/#\/schema\/logo\/image\/"}},{"@type":"Person","@id":"https:\/\/derigorefrigeration.com\/de\/#\/schema\/person\/5925364b82d1760a027fd2e399486632","name":"drrwkp","sameAs":["https:\/\/beaverlab.com"],"url":"https:\/\/derigorefrigeration.com\/de\/author\/drrwkp\/"}]}},"_links":{"self":[{"href":"https:\/\/derigorefrigeration.com\/de\/wp-json\/wp\/v2\/posts\/94638","targetHints":{"allow":["GET"]}}],"collection":[{"href":"https:\/\/derigorefrigeration.com\/de\/wp-json\/wp\/v2\/posts"}],"about":[{"href":"https:\/\/derigorefrigeration.com\/de\/wp-json\/wp\/v2\/types\/post"}],"author":[{"embeddable":true,"href":"https:\/\/derigorefrigeration.com\/de\/wp-json\/wp\/v2\/users\/1"}],"replies":[{"embeddable":true,"href":"https:\/\/derigorefrigeration.com\/de\/wp-json\/wp\/v2\/comments?post=94638"}],"version-history":[{"count":0,"href":"https:\/\/derigorefrigeration.com\/de\/wp-json\/wp\/v2\/posts\/94638\/revisions"}],"wp:featuredmedia":[{"embeddable":true,"href":"https:\/\/derigorefrigeration.com\/de\/wp-json\/wp\/v2\/media\/91094"}],"wp:attachment":[{"href":"https:\/\/derigorefrigeration.com\/de\/wp-json\/wp\/v2\/media?parent=94638"}],"wp:term":[{"taxonomy":"category","embeddable":true,"href":"https:\/\/derigorefrigeration.com\/de\/wp-json\/wp\/v2\/categories?post=94638"},{"taxonomy":"post_tag","embeddable":true,"href":"https:\/\/derigorefrigeration.com\/de\/wp-json\/wp\/v2\/tags?post=94638"},{"taxonomy":"location","embeddable":true,"href":"https:\/\/derigorefrigeration.com\/de\/wp-json\/wp\/v2\/location?post=94638"}],"curies":[{"name":"wp","href":"https:\/\/api.w.org\/{rel}","templated":true}]}}