{"id":104777,"date":"2026-04-29T10:25:10","date_gmt":"2026-04-29T08:25:10","guid":{"rendered":"https:\/\/derigorefrigeration.com\/?p=104777"},"modified":"2026-04-29T10:25:11","modified_gmt":"2026-04-29T08:25:11","slug":"un-dia-para-crecer-juntos","status":"publish","type":"post","link":"https:\/\/derigorefrigeration.com\/es\/noticias\/un-dia-para-crecer-juntos\/","title":{"rendered":"Un d\u00eda para crecer juntos"},"content":{"rendered":"\n<p>Un a\u00f1o m\u00e1s, nos tomamos una jornada completa de pausa de la rutina laboral, saliendo de la empresa y reuni\u00e9ndonos en una ubicaci\u00f3n realmente encantadora, rodeada de naturaleza, para dedicar tiempo a nuestro desarrollo profesional y personal.<br>Participamos en cuatro acciones formativas, altern\u00e1ndonos en grupos y debatiendo sobre temas clave para nuestra cultura empresarial:<\/p>\n\n\n\n<p>\u2022 <strong>Igualdad de g\u00e9nero<\/strong>, para aumentar la concienciaci\u00f3n y promover un entorno de trabajo justo y respetuoso<br>\u2022 <strong>Ciberseguridad<\/strong>, para proteger los datos y la informaci\u00f3n mediante comportamientos digitales responsables<br>\u2022 <strong>La relaci\u00f3n con uno mismo y con los dem\u00e1s<\/strong>, para cuidar nuestro bienestar y nuestras relaciones personales y profesionales<br>\u2022 <strong>Diversidad e inclusi\u00f3n<\/strong>, enriquecida por el inspirador testimonio de Daniele Cassioli, quien nos mostr\u00f3 c\u00f3mo la diversidad puede convertirse en un verdadero recurso y un motor de crecimiento<\/p>\n\n\n\n<p>Fue una experiencia rica en ideas, nuevas perspectivas y reflexiones, adem\u00e1s de una importante oportunidad para reforzar el esp\u00edritu de equipo. Las pausas caf\u00e9 y el almuerzo al aire libre favorecieron el di\u00e1logo y el intercambio, haciendo la experiencia a\u00fan m\u00e1s valiosa.<\/p>\n\n\n\n<p>Gracias a los formadores y a todas las personas que participaron con entusiasmo e implicaci\u00f3n.<br>Invertir en las personas significa construir valor, hoy y ma\u00f1ana.<\/p>\n","protected":false},"excerpt":{"rendered":"<p>Un a\u00f1o m\u00e1s, nos tomamos una jornada completa de pausa de la rutina laboral, saliendo de la empresa y reuni\u00e9ndonos en una ubicaci\u00f3n realmente encantadora, rodeada de naturaleza, para dedicar tiempo a nuestro desarrollo profesional y personal.Participamos en cuatro acciones formativas, altern\u00e1ndonos en grupos y debatiendo sobre temas clave para nuestra cultura empresarial: \u2022 Igualdad [&hellip;]<\/p>\n","protected":false},"author":3,"featured_media":104788,"comment_status":"closed","ping_status":"closed","sticky":false,"template":"","format":"standard","meta":{"_acf_changed":false,"footnotes":""},"categories":[630],"tags":[],"location":[],"class_list":["post-104777","post","type-post","status-publish","format-standard","has-post-thumbnail","hentry","category-noticias"],"acf":[],"yoast_head":"<!-- This site is optimized with the Yoast SEO plugin v27.3 - https:\/\/yoast.com\/product\/yoast-seo-wordpress\/ -->\n<title>Un d\u00eda para crecer juntos - De Rigo Refrigeration<\/title>\n<meta name=\"robots\" content=\"index, follow, max-snippet:-1, max-image-preview:large, max-video-preview:-1\" \/>\n<link rel=\"canonical\" href=\"https:\/\/derigorefrigeration.com\/es\/noticias\/un-dia-para-crecer-juntos\/\" \/>\n<meta property=\"og:locale\" content=\"es_ES\" \/>\n<meta property=\"og:type\" content=\"article\" \/>\n<meta property=\"og:title\" content=\"Un d\u00eda para crecer juntos - De Rigo Refrigeration\" \/>\n<meta property=\"og:description\" content=\"Un a\u00f1o m\u00e1s, nos tomamos una jornada completa de pausa de la rutina laboral, saliendo de la empresa y reuni\u00e9ndonos en una ubicaci\u00f3n realmente encantadora, rodeada de naturaleza, para dedicar tiempo a nuestro desarrollo profesional y personal.Participamos en cuatro acciones formativas, altern\u00e1ndonos en grupos y debatiendo sobre temas clave para nuestra cultura empresarial: \u2022 Igualdad [&hellip;]\" \/>\n<meta property=\"og:url\" content=\"https:\/\/derigorefrigeration.com\/es\/noticias\/un-dia-para-crecer-juntos\/\" \/>\n<meta property=\"og:site_name\" content=\"De Rigo Refrigeration\" \/>\n<meta property=\"article:published_time\" content=\"2026-04-29T08:25:10+00:00\" \/>\n<meta property=\"article:modified_time\" content=\"2026-04-29T08:25:11+00:00\" \/>\n<meta property=\"og:image\" content=\"https:\/\/derigorefrigeration.com\/wp-content\/uploads\/2026\/04\/formazione-DRR-IN-scaled.jpg\" \/>\n\t<meta property=\"og:image:width\" content=\"2560\" \/>\n\t<meta property=\"og:image:height\" content=\"1947\" \/>\n\t<meta property=\"og:image:type\" content=\"image\/jpeg\" \/>\n<meta name=\"author\" content=\"Valentina Nicolao\" \/>\n<meta name=\"twitter:card\" content=\"summary_large_image\" \/>\n<meta name=\"twitter:label1\" content=\"Escrito por\" \/>\n\t<meta name=\"twitter:data1\" content=\"Valentina Nicolao\" \/>\n\t<meta name=\"twitter:label2\" content=\"Tiempo de lectura\" \/>\n\t<meta name=\"twitter:data2\" content=\"2 minutos\" \/>\n<script type=\"application\/ld+json\" class=\"yoast-schema-graph\">{\"@context\":\"https:\\\/\\\/schema.org\",\"@graph\":[{\"@type\":\"Article\",\"@id\":\"https:\\\/\\\/derigorefrigeration.com\\\/es\\\/noticias\\\/un-dia-para-crecer-juntos\\\/#article\",\"isPartOf\":{\"@id\":\"https:\\\/\\\/derigorefrigeration.com\\\/es\\\/noticias\\\/un-dia-para-crecer-juntos\\\/\"},\"author\":{\"name\":\"Valentina Nicolao\",\"@id\":\"https:\\\/\\\/derigorefrigeration.com\\\/es\\\/#\\\/schema\\\/person\\\/814de2a13e657cc71847b9bfee6ae94c\"},\"headline\":\"Un d\u00eda para crecer juntos\",\"datePublished\":\"2026-04-29T08:25:10+00:00\",\"dateModified\":\"2026-04-29T08:25:11+00:00\",\"mainEntityOfPage\":{\"@id\":\"https:\\\/\\\/derigorefrigeration.com\\\/es\\\/noticias\\\/un-dia-para-crecer-juntos\\\/\"},\"wordCount\":221,\"publisher\":{\"@id\":\"https:\\\/\\\/derigorefrigeration.com\\\/es\\\/#organization\"},\"image\":{\"@id\":\"https:\\\/\\\/derigorefrigeration.com\\\/es\\\/noticias\\\/un-dia-para-crecer-juntos\\\/#primaryimage\"},\"thumbnailUrl\":\"https:\\\/\\\/derigorefrigeration.com\\\/wp-content\\\/uploads\\\/2026\\\/04\\\/formazione-DRR-IN-scaled.jpg\",\"articleSection\":[\"Noticias\"],\"inLanguage\":\"es\"},{\"@type\":\"WebPage\",\"@id\":\"https:\\\/\\\/derigorefrigeration.com\\\/es\\\/noticias\\\/un-dia-para-crecer-juntos\\\/\",\"url\":\"https:\\\/\\\/derigorefrigeration.com\\\/es\\\/noticias\\\/un-dia-para-crecer-juntos\\\/\",\"name\":\"Un d\u00eda para crecer juntos - De Rigo Refrigeration\",\"isPartOf\":{\"@id\":\"https:\\\/\\\/derigorefrigeration.com\\\/es\\\/#website\"},\"primaryImageOfPage\":{\"@id\":\"https:\\\/\\\/derigorefrigeration.com\\\/es\\\/noticias\\\/un-dia-para-crecer-juntos\\\/#primaryimage\"},\"image\":{\"@id\":\"https:\\\/\\\/derigorefrigeration.com\\\/es\\\/noticias\\\/un-dia-para-crecer-juntos\\\/#primaryimage\"},\"thumbnailUrl\":\"https:\\\/\\\/derigorefrigeration.com\\\/wp-content\\\/uploads\\\/2026\\\/04\\\/formazione-DRR-IN-scaled.jpg\",\"datePublished\":\"2026-04-29T08:25:10+00:00\",\"dateModified\":\"2026-04-29T08:25:11+00:00\",\"breadcrumb\":{\"@id\":\"https:\\\/\\\/derigorefrigeration.com\\\/es\\\/noticias\\\/un-dia-para-crecer-juntos\\\/#breadcrumb\"},\"inLanguage\":\"es\",\"potentialAction\":[{\"@type\":\"ReadAction\",\"target\":[\"https:\\\/\\\/derigorefrigeration.com\\\/es\\\/noticias\\\/un-dia-para-crecer-juntos\\\/\"]}]},{\"@type\":\"ImageObject\",\"inLanguage\":\"es\",\"@id\":\"https:\\\/\\\/derigorefrigeration.com\\\/es\\\/noticias\\\/un-dia-para-crecer-juntos\\\/#primaryimage\",\"url\":\"https:\\\/\\\/derigorefrigeration.com\\\/wp-content\\\/uploads\\\/2026\\\/04\\\/formazione-DRR-IN-scaled.jpg\",\"contentUrl\":\"https:\\\/\\\/derigorefrigeration.com\\\/wp-content\\\/uploads\\\/2026\\\/04\\\/formazione-DRR-IN-scaled.jpg\",\"width\":2560,\"height\":1947},{\"@type\":\"BreadcrumbList\",\"@id\":\"https:\\\/\\\/derigorefrigeration.com\\\/es\\\/noticias\\\/un-dia-para-crecer-juntos\\\/#breadcrumb\",\"itemListElement\":[{\"@type\":\"ListItem\",\"position\":1,\"name\":\"Home\",\"item\":\"https:\\\/\\\/derigorefrigeration.com\\\/es\\\/\"},{\"@type\":\"ListItem\",\"position\":2,\"name\":\"Un d\u00eda para crecer juntos\"}]},{\"@type\":\"WebSite\",\"@id\":\"https:\\\/\\\/derigorefrigeration.com\\\/es\\\/#website\",\"url\":\"https:\\\/\\\/derigorefrigeration.com\\\/es\\\/\",\"name\":\"De Rigo Refrigeration\",\"description\":\"Somos fabricantes de mandos a distancia, complementos, c\u00e1maras frigor\u00edficas y unidades de refrigeraci\u00f3n desde hace m\u00e1s de 50 a\u00f1os.\",\"publisher\":{\"@id\":\"https:\\\/\\\/derigorefrigeration.com\\\/es\\\/#organization\"},\"alternateName\":\"DRR\",\"potentialAction\":[{\"@type\":\"SearchAction\",\"target\":{\"@type\":\"EntryPoint\",\"urlTemplate\":\"https:\\\/\\\/derigorefrigeration.com\\\/es\\\/?s={search_term_string}\"},\"query-input\":{\"@type\":\"PropertyValueSpecification\",\"valueRequired\":true,\"valueName\":\"search_term_string\"}}],\"inLanguage\":\"es\"},{\"@type\":\"Organization\",\"@id\":\"https:\\\/\\\/derigorefrigeration.com\\\/es\\\/#organization\",\"name\":\"De Rigo Refrigeration\",\"url\":\"https:\\\/\\\/derigorefrigeration.com\\\/es\\\/\",\"logo\":{\"@type\":\"ImageObject\",\"inLanguage\":\"es\",\"@id\":\"https:\\\/\\\/derigorefrigeration.com\\\/es\\\/#\\\/schema\\\/logo\\\/image\\\/\",\"url\":\"https:\\\/\\\/derigorefrigeration.com\\\/wp-content\\\/uploads\\\/2023\\\/11\\\/logo_de_rigo.svg\",\"contentUrl\":\"https:\\\/\\\/derigorefrigeration.com\\\/wp-content\\\/uploads\\\/2023\\\/11\\\/logo_de_rigo.svg\",\"width\":265,\"height\":56,\"caption\":\"De Rigo Refrigeration\"},\"image\":{\"@id\":\"https:\\\/\\\/derigorefrigeration.com\\\/es\\\/#\\\/schema\\\/logo\\\/image\\\/\"}},{\"@type\":\"Person\",\"@id\":\"https:\\\/\\\/derigorefrigeration.com\\\/es\\\/#\\\/schema\\\/person\\\/814de2a13e657cc71847b9bfee6ae94c\",\"name\":\"Valentina Nicolao\",\"url\":\"https:\\\/\\\/derigorefrigeration.com\\\/es\\\/author\\\/v-nicolao\\\/\"}]}<\/script>\n<!-- \/ Yoast SEO plugin. -->","yoast_head_json":{"title":"Un d\u00eda para crecer juntos - De Rigo Refrigeration","robots":{"index":"index","follow":"follow","max-snippet":"max-snippet:-1","max-image-preview":"max-image-preview:large","max-video-preview":"max-video-preview:-1"},"canonical":"https:\/\/derigorefrigeration.com\/es\/noticias\/un-dia-para-crecer-juntos\/","og_locale":"es_ES","og_type":"article","og_title":"Un d\u00eda para crecer juntos - De Rigo Refrigeration","og_description":"Un a\u00f1o m\u00e1s, nos tomamos una jornada completa de pausa de la rutina laboral, saliendo de la empresa y reuni\u00e9ndonos en una ubicaci\u00f3n realmente encantadora, rodeada de naturaleza, para dedicar tiempo a nuestro desarrollo profesional y personal.Participamos en cuatro acciones formativas, altern\u00e1ndonos en grupos y debatiendo sobre temas clave para nuestra cultura empresarial: \u2022 Igualdad [&hellip;]","og_url":"https:\/\/derigorefrigeration.com\/es\/noticias\/un-dia-para-crecer-juntos\/","og_site_name":"De Rigo Refrigeration","article_published_time":"2026-04-29T08:25:10+00:00","article_modified_time":"2026-04-29T08:25:11+00:00","og_image":[{"width":2560,"height":1947,"url":"https:\/\/derigorefrigeration.com\/wp-content\/uploads\/2026\/04\/formazione-DRR-IN-scaled.jpg","type":"image\/jpeg"}],"author":"Valentina Nicolao","twitter_card":"summary_large_image","twitter_misc":{"Escrito por":"Valentina Nicolao","Tiempo de lectura":"2 minutos"},"schema":{"@context":"https:\/\/schema.org","@graph":[{"@type":"Article","@id":"https:\/\/derigorefrigeration.com\/es\/noticias\/un-dia-para-crecer-juntos\/#article","isPartOf":{"@id":"https:\/\/derigorefrigeration.com\/es\/noticias\/un-dia-para-crecer-juntos\/"},"author":{"name":"Valentina Nicolao","@id":"https:\/\/derigorefrigeration.com\/es\/#\/schema\/person\/814de2a13e657cc71847b9bfee6ae94c"},"headline":"Un d\u00eda para crecer juntos","datePublished":"2026-04-29T08:25:10+00:00","dateModified":"2026-04-29T08:25:11+00:00","mainEntityOfPage":{"@id":"https:\/\/derigorefrigeration.com\/es\/noticias\/un-dia-para-crecer-juntos\/"},"wordCount":221,"publisher":{"@id":"https:\/\/derigorefrigeration.com\/es\/#organization"},"image":{"@id":"https:\/\/derigorefrigeration.com\/es\/noticias\/un-dia-para-crecer-juntos\/#primaryimage"},"thumbnailUrl":"https:\/\/derigorefrigeration.com\/wp-content\/uploads\/2026\/04\/formazione-DRR-IN-scaled.jpg","articleSection":["Noticias"],"inLanguage":"es"},{"@type":"WebPage","@id":"https:\/\/derigorefrigeration.com\/es\/noticias\/un-dia-para-crecer-juntos\/","url":"https:\/\/derigorefrigeration.com\/es\/noticias\/un-dia-para-crecer-juntos\/","name":"Un d\u00eda para crecer juntos - De Rigo Refrigeration","isPartOf":{"@id":"https:\/\/derigorefrigeration.com\/es\/#website"},"primaryImageOfPage":{"@id":"https:\/\/derigorefrigeration.com\/es\/noticias\/un-dia-para-crecer-juntos\/#primaryimage"},"image":{"@id":"https:\/\/derigorefrigeration.com\/es\/noticias\/un-dia-para-crecer-juntos\/#primaryimage"},"thumbnailUrl":"https:\/\/derigorefrigeration.com\/wp-content\/uploads\/2026\/04\/formazione-DRR-IN-scaled.jpg","datePublished":"2026-04-29T08:25:10+00:00","dateModified":"2026-04-29T08:25:11+00:00","breadcrumb":{"@id":"https:\/\/derigorefrigeration.com\/es\/noticias\/un-dia-para-crecer-juntos\/#breadcrumb"},"inLanguage":"es","potentialAction":[{"@type":"ReadAction","target":["https:\/\/derigorefrigeration.com\/es\/noticias\/un-dia-para-crecer-juntos\/"]}]},{"@type":"ImageObject","inLanguage":"es","@id":"https:\/\/derigorefrigeration.com\/es\/noticias\/un-dia-para-crecer-juntos\/#primaryimage","url":"https:\/\/derigorefrigeration.com\/wp-content\/uploads\/2026\/04\/formazione-DRR-IN-scaled.jpg","contentUrl":"https:\/\/derigorefrigeration.com\/wp-content\/uploads\/2026\/04\/formazione-DRR-IN-scaled.jpg","width":2560,"height":1947},{"@type":"BreadcrumbList","@id":"https:\/\/derigorefrigeration.com\/es\/noticias\/un-dia-para-crecer-juntos\/#breadcrumb","itemListElement":[{"@type":"ListItem","position":1,"name":"Home","item":"https:\/\/derigorefrigeration.com\/es\/"},{"@type":"ListItem","position":2,"name":"Un d\u00eda para crecer juntos"}]},{"@type":"WebSite","@id":"https:\/\/derigorefrigeration.com\/es\/#website","url":"https:\/\/derigorefrigeration.com\/es\/","name":"De Rigo Refrigeration","description":"Somos fabricantes de mandos a distancia, complementos, c\u00e1maras frigor\u00edficas y unidades de refrigeraci\u00f3n desde hace m\u00e1s de 50 a\u00f1os.","publisher":{"@id":"https:\/\/derigorefrigeration.com\/es\/#organization"},"alternateName":"DRR","potentialAction":[{"@type":"SearchAction","target":{"@type":"EntryPoint","urlTemplate":"https:\/\/derigorefrigeration.com\/es\/?s={search_term_string}"},"query-input":{"@type":"PropertyValueSpecification","valueRequired":true,"valueName":"search_term_string"}}],"inLanguage":"es"},{"@type":"Organization","@id":"https:\/\/derigorefrigeration.com\/es\/#organization","name":"De Rigo Refrigeration","url":"https:\/\/derigorefrigeration.com\/es\/","logo":{"@type":"ImageObject","inLanguage":"es","@id":"https:\/\/derigorefrigeration.com\/es\/#\/schema\/logo\/image\/","url":"https:\/\/derigorefrigeration.com\/wp-content\/uploads\/2023\/11\/logo_de_rigo.svg","contentUrl":"https:\/\/derigorefrigeration.com\/wp-content\/uploads\/2023\/11\/logo_de_rigo.svg","width":265,"height":56,"caption":"De Rigo Refrigeration"},"image":{"@id":"https:\/\/derigorefrigeration.com\/es\/#\/schema\/logo\/image\/"}},{"@type":"Person","@id":"https:\/\/derigorefrigeration.com\/es\/#\/schema\/person\/814de2a13e657cc71847b9bfee6ae94c","name":"Valentina Nicolao","url":"https:\/\/derigorefrigeration.com\/es\/author\/v-nicolao\/"}]}},"_links":{"self":[{"href":"https:\/\/derigorefrigeration.com\/es\/wp-json\/wp\/v2\/posts\/104777","targetHints":{"allow":["GET"]}}],"collection":[{"href":"https:\/\/derigorefrigeration.com\/es\/wp-json\/wp\/v2\/posts"}],"about":[{"href":"https:\/\/derigorefrigeration.com\/es\/wp-json\/wp\/v2\/types\/post"}],"author":[{"embeddable":true,"href":"https:\/\/derigorefrigeration.com\/es\/wp-json\/wp\/v2\/users\/3"}],"replies":[{"embeddable":true,"href":"https:\/\/derigorefrigeration.com\/es\/wp-json\/wp\/v2\/comments?post=104777"}],"version-history":[{"count":2,"href":"https:\/\/derigorefrigeration.com\/es\/wp-json\/wp\/v2\/posts\/104777\/revisions"}],"predecessor-version":[{"id":104797,"href":"https:\/\/derigorefrigeration.com\/es\/wp-json\/wp\/v2\/posts\/104777\/revisions\/104797"}],"wp:featuredmedia":[{"embeddable":true,"href":"https:\/\/derigorefrigeration.com\/es\/wp-json\/wp\/v2\/media\/104788"}],"wp:attachment":[{"href":"https:\/\/derigorefrigeration.com\/es\/wp-json\/wp\/v2\/media?parent=104777"}],"wp:term":[{"taxonomy":"category","embeddable":true,"href":"https:\/\/derigorefrigeration.com\/es\/wp-json\/wp\/v2\/categories?post=104777"},{"taxonomy":"post_tag","embeddable":true,"href":"https:\/\/derigorefrigeration.com\/es\/wp-json\/wp\/v2\/tags?post=104777"},{"taxonomy":"location","embeddable":true,"href":"https:\/\/derigorefrigeration.com\/es\/wp-json\/wp\/v2\/location?post=104777"}],"curies":[{"name":"wp","href":"https:\/\/api.w.org\/{rel}","templated":true}]}}