{"id":92355,"date":"2019-06-22T00:00:00","date_gmt":"2019-06-21T22:00:00","guid":{"rendered":"https:\/\/derigorefrigeration.com\/2019\/06\/22\/conad-matera-4\/"},"modified":"2019-06-22T00:00:00","modified_gmt":"2019-06-21T22:00:00","slug":"conad-matera-4","status":"publish","type":"post","link":"https:\/\/derigorefrigeration.com\/es\/referencias\/conad-matera-4\/","title":{"rendered":"De Rigo Refrigeration &#8211; Conad"},"content":{"rendered":"<p>Conad y De Rigo Refrigeration juntos en la Capital Europea de la Cultura 2019. Gran \u00e9xito de la nueva tienda Conad en Matera donde el fr\u00edo est\u00e1 \u00edntegramente bajo la marca De Rigo. Una tienda de m\u00e1s de 1500 metros cuadrados en una ciudad que es hoy m\u00e1s que nunca un s\u00edmbolo de Italia en el mundo. Tanto Conad como los propietarios manifestaron su satisfacci\u00f3n por el servicio ofrecido por De Rigo Refrigeration tanto en la fase de instalaci\u00f3n como en la puesta en marcha de este supermercado inaugurado en una de las zonas m\u00e1s estrat\u00e9gicas de Matera.<\/p>\n","protected":false},"excerpt":{"rendered":"<p>Conad y De Rigo Refrigeration juntos en la Capital Europea de la Cultura 2019. Gran \u00e9xito de la nueva tienda Conad en Matera donde el fr\u00edo est\u00e1 \u00edntegramente bajo la marca De Rigo.<\/p>\n","protected":false},"author":1,"featured_media":24108,"comment_status":"closed","ping_status":"closed","sticky":false,"template":"","format":"standard","meta":{"_acf_changed":false,"footnotes":""},"categories":[634],"tags":[],"location":[4543],"class_list":["post-92355","post","type-post","status-publish","format-standard","has-post-thumbnail","hentry","category-referencias","location-italia-es"],"acf":[],"yoast_head":"<!-- This site is optimized with the Yoast SEO plugin v27.3 - https:\/\/yoast.com\/product\/yoast-seo-wordpress\/ -->\n<title>De Rigo Refrigeration - Conad - De Rigo Refrigeration<\/title>\n<meta name=\"robots\" content=\"index, follow, max-snippet:-1, max-image-preview:large, max-video-preview:-1\" \/>\n<link rel=\"canonical\" href=\"https:\/\/derigorefrigeration.com\/es\/referencias\/conad-matera-4\/\" \/>\n<meta property=\"og:locale\" content=\"es_ES\" \/>\n<meta property=\"og:type\" content=\"article\" \/>\n<meta property=\"og:title\" content=\"De Rigo Refrigeration - Conad - De Rigo Refrigeration\" \/>\n<meta property=\"og:description\" content=\"Conad y De Rigo Refrigeration juntos en la Capital Europea de la Cultura 2019. Gran \u00e9xito de la nueva tienda Conad en Matera donde el fr\u00edo est\u00e1 \u00edntegramente bajo la marca De Rigo.\" \/>\n<meta property=\"og:url\" content=\"https:\/\/derigorefrigeration.com\/es\/referencias\/conad-matera-4\/\" \/>\n<meta property=\"og:site_name\" content=\"De Rigo Refrigeration\" \/>\n<meta property=\"article:published_time\" content=\"2019-06-21T22:00:00+00:00\" \/>\n<meta property=\"og:image\" content=\"https:\/\/derigorefrigeration.com\/wp-content\/uploads\/2024\/02\/IMG_9079_lista.jpg\" \/>\n\t<meta property=\"og:image:width\" content=\"1280\" \/>\n\t<meta property=\"og:image:height\" content=\"823\" \/>\n\t<meta property=\"og:image:type\" content=\"image\/jpeg\" \/>\n<meta name=\"author\" content=\"drrwkp\" \/>\n<meta name=\"twitter:card\" content=\"summary_large_image\" \/>\n<meta name=\"twitter:label1\" content=\"Escrito por\" \/>\n\t<meta name=\"twitter:data1\" content=\"drrwkp\" \/>\n\t<meta name=\"twitter:label2\" content=\"Tiempo de lectura\" \/>\n\t<meta name=\"twitter:data2\" content=\"1 minuto\" \/>\n<script type=\"application\/ld+json\" class=\"yoast-schema-graph\">{\"@context\":\"https:\\\/\\\/schema.org\",\"@graph\":[{\"@type\":\"Article\",\"@id\":\"https:\\\/\\\/derigorefrigeration.com\\\/es\\\/referencias\\\/conad-matera-4\\\/#article\",\"isPartOf\":{\"@id\":\"https:\\\/\\\/derigorefrigeration.com\\\/es\\\/referencias\\\/conad-matera-4\\\/\"},\"author\":{\"name\":\"drrwkp\",\"@id\":\"https:\\\/\\\/derigorefrigeration.com\\\/es\\\/#\\\/schema\\\/person\\\/5925364b82d1760a027fd2e399486632\"},\"headline\":\"De Rigo Refrigeration &#8211; Conad\",\"datePublished\":\"2019-06-21T22:00:00+00:00\",\"mainEntityOfPage\":{\"@id\":\"https:\\\/\\\/derigorefrigeration.com\\\/es\\\/referencias\\\/conad-matera-4\\\/\"},\"wordCount\":109,\"publisher\":{\"@id\":\"https:\\\/\\\/derigorefrigeration.com\\\/es\\\/#organization\"},\"image\":{\"@id\":\"https:\\\/\\\/derigorefrigeration.com\\\/es\\\/referencias\\\/conad-matera-4\\\/#primaryimage\"},\"thumbnailUrl\":\"https:\\\/\\\/derigorefrigeration.com\\\/wp-content\\\/uploads\\\/2024\\\/02\\\/IMG_9079_lista.jpg\",\"articleSection\":[\"Referencias\"],\"inLanguage\":\"es\"},{\"@type\":\"WebPage\",\"@id\":\"https:\\\/\\\/derigorefrigeration.com\\\/es\\\/referencias\\\/conad-matera-4\\\/\",\"url\":\"https:\\\/\\\/derigorefrigeration.com\\\/es\\\/referencias\\\/conad-matera-4\\\/\",\"name\":\"De Rigo Refrigeration - Conad - De Rigo Refrigeration\",\"isPartOf\":{\"@id\":\"https:\\\/\\\/derigorefrigeration.com\\\/es\\\/#website\"},\"primaryImageOfPage\":{\"@id\":\"https:\\\/\\\/derigorefrigeration.com\\\/es\\\/referencias\\\/conad-matera-4\\\/#primaryimage\"},\"image\":{\"@id\":\"https:\\\/\\\/derigorefrigeration.com\\\/es\\\/referencias\\\/conad-matera-4\\\/#primaryimage\"},\"thumbnailUrl\":\"https:\\\/\\\/derigorefrigeration.com\\\/wp-content\\\/uploads\\\/2024\\\/02\\\/IMG_9079_lista.jpg\",\"datePublished\":\"2019-06-21T22:00:00+00:00\",\"breadcrumb\":{\"@id\":\"https:\\\/\\\/derigorefrigeration.com\\\/es\\\/referencias\\\/conad-matera-4\\\/#breadcrumb\"},\"inLanguage\":\"es\",\"potentialAction\":[{\"@type\":\"ReadAction\",\"target\":[\"https:\\\/\\\/derigorefrigeration.com\\\/es\\\/referencias\\\/conad-matera-4\\\/\"]}]},{\"@type\":\"ImageObject\",\"inLanguage\":\"es\",\"@id\":\"https:\\\/\\\/derigorefrigeration.com\\\/es\\\/referencias\\\/conad-matera-4\\\/#primaryimage\",\"url\":\"https:\\\/\\\/derigorefrigeration.com\\\/wp-content\\\/uploads\\\/2024\\\/02\\\/IMG_9079_lista.jpg\",\"contentUrl\":\"https:\\\/\\\/derigorefrigeration.com\\\/wp-content\\\/uploads\\\/2024\\\/02\\\/IMG_9079_lista.jpg\",\"width\":1280,\"height\":823,\"caption\":\"IMG_9079_lista\"},{\"@type\":\"BreadcrumbList\",\"@id\":\"https:\\\/\\\/derigorefrigeration.com\\\/es\\\/referencias\\\/conad-matera-4\\\/#breadcrumb\",\"itemListElement\":[{\"@type\":\"ListItem\",\"position\":1,\"name\":\"Home\",\"item\":\"https:\\\/\\\/derigorefrigeration.com\\\/es\\\/\"},{\"@type\":\"ListItem\",\"position\":2,\"name\":\"De Rigo Refrigeration &#8211; Conad\"}]},{\"@type\":\"WebSite\",\"@id\":\"https:\\\/\\\/derigorefrigeration.com\\\/es\\\/#website\",\"url\":\"https:\\\/\\\/derigorefrigeration.com\\\/es\\\/\",\"name\":\"De Rigo Refrigeration\",\"description\":\"Somos fabricantes de mandos a distancia, complementos, c\u00e1maras frigor\u00edficas y unidades de refrigeraci\u00f3n desde hace m\u00e1s de 50 a\u00f1os.\",\"publisher\":{\"@id\":\"https:\\\/\\\/derigorefrigeration.com\\\/es\\\/#organization\"},\"alternateName\":\"DRR\",\"potentialAction\":[{\"@type\":\"SearchAction\",\"target\":{\"@type\":\"EntryPoint\",\"urlTemplate\":\"https:\\\/\\\/derigorefrigeration.com\\\/es\\\/?s={search_term_string}\"},\"query-input\":{\"@type\":\"PropertyValueSpecification\",\"valueRequired\":true,\"valueName\":\"search_term_string\"}}],\"inLanguage\":\"es\"},{\"@type\":\"Organization\",\"@id\":\"https:\\\/\\\/derigorefrigeration.com\\\/es\\\/#organization\",\"name\":\"De Rigo Refrigeration\",\"url\":\"https:\\\/\\\/derigorefrigeration.com\\\/es\\\/\",\"logo\":{\"@type\":\"ImageObject\",\"inLanguage\":\"es\",\"@id\":\"https:\\\/\\\/derigorefrigeration.com\\\/es\\\/#\\\/schema\\\/logo\\\/image\\\/\",\"url\":\"https:\\\/\\\/derigorefrigeration.com\\\/wp-content\\\/uploads\\\/2023\\\/11\\\/logo_de_rigo.svg\",\"contentUrl\":\"https:\\\/\\\/derigorefrigeration.com\\\/wp-content\\\/uploads\\\/2023\\\/11\\\/logo_de_rigo.svg\",\"width\":265,\"height\":56,\"caption\":\"De Rigo Refrigeration\"},\"image\":{\"@id\":\"https:\\\/\\\/derigorefrigeration.com\\\/es\\\/#\\\/schema\\\/logo\\\/image\\\/\"}},{\"@type\":\"Person\",\"@id\":\"https:\\\/\\\/derigorefrigeration.com\\\/es\\\/#\\\/schema\\\/person\\\/5925364b82d1760a027fd2e399486632\",\"name\":\"drrwkp\",\"sameAs\":[\"https:\\\/\\\/beaverlab.com\"],\"url\":\"https:\\\/\\\/derigorefrigeration.com\\\/es\\\/author\\\/drrwkp\\\/\"}]}<\/script>\n<!-- \/ Yoast SEO plugin. -->","yoast_head_json":{"title":"De Rigo Refrigeration - Conad - De Rigo Refrigeration","robots":{"index":"index","follow":"follow","max-snippet":"max-snippet:-1","max-image-preview":"max-image-preview:large","max-video-preview":"max-video-preview:-1"},"canonical":"https:\/\/derigorefrigeration.com\/es\/referencias\/conad-matera-4\/","og_locale":"es_ES","og_type":"article","og_title":"De Rigo Refrigeration - Conad - De Rigo Refrigeration","og_description":"Conad y De Rigo Refrigeration juntos en la Capital Europea de la Cultura 2019. Gran \u00e9xito de la nueva tienda Conad en Matera donde el fr\u00edo est\u00e1 \u00edntegramente bajo la marca De Rigo.","og_url":"https:\/\/derigorefrigeration.com\/es\/referencias\/conad-matera-4\/","og_site_name":"De Rigo Refrigeration","article_published_time":"2019-06-21T22:00:00+00:00","og_image":[{"width":1280,"height":823,"url":"https:\/\/derigorefrigeration.com\/wp-content\/uploads\/2024\/02\/IMG_9079_lista.jpg","type":"image\/jpeg"}],"author":"drrwkp","twitter_card":"summary_large_image","twitter_misc":{"Escrito por":"drrwkp","Tiempo de lectura":"1 minuto"},"schema":{"@context":"https:\/\/schema.org","@graph":[{"@type":"Article","@id":"https:\/\/derigorefrigeration.com\/es\/referencias\/conad-matera-4\/#article","isPartOf":{"@id":"https:\/\/derigorefrigeration.com\/es\/referencias\/conad-matera-4\/"},"author":{"name":"drrwkp","@id":"https:\/\/derigorefrigeration.com\/es\/#\/schema\/person\/5925364b82d1760a027fd2e399486632"},"headline":"De Rigo Refrigeration &#8211; Conad","datePublished":"2019-06-21T22:00:00+00:00","mainEntityOfPage":{"@id":"https:\/\/derigorefrigeration.com\/es\/referencias\/conad-matera-4\/"},"wordCount":109,"publisher":{"@id":"https:\/\/derigorefrigeration.com\/es\/#organization"},"image":{"@id":"https:\/\/derigorefrigeration.com\/es\/referencias\/conad-matera-4\/#primaryimage"},"thumbnailUrl":"https:\/\/derigorefrigeration.com\/wp-content\/uploads\/2024\/02\/IMG_9079_lista.jpg","articleSection":["Referencias"],"inLanguage":"es"},{"@type":"WebPage","@id":"https:\/\/derigorefrigeration.com\/es\/referencias\/conad-matera-4\/","url":"https:\/\/derigorefrigeration.com\/es\/referencias\/conad-matera-4\/","name":"De Rigo Refrigeration - Conad - De Rigo Refrigeration","isPartOf":{"@id":"https:\/\/derigorefrigeration.com\/es\/#website"},"primaryImageOfPage":{"@id":"https:\/\/derigorefrigeration.com\/es\/referencias\/conad-matera-4\/#primaryimage"},"image":{"@id":"https:\/\/derigorefrigeration.com\/es\/referencias\/conad-matera-4\/#primaryimage"},"thumbnailUrl":"https:\/\/derigorefrigeration.com\/wp-content\/uploads\/2024\/02\/IMG_9079_lista.jpg","datePublished":"2019-06-21T22:00:00+00:00","breadcrumb":{"@id":"https:\/\/derigorefrigeration.com\/es\/referencias\/conad-matera-4\/#breadcrumb"},"inLanguage":"es","potentialAction":[{"@type":"ReadAction","target":["https:\/\/derigorefrigeration.com\/es\/referencias\/conad-matera-4\/"]}]},{"@type":"ImageObject","inLanguage":"es","@id":"https:\/\/derigorefrigeration.com\/es\/referencias\/conad-matera-4\/#primaryimage","url":"https:\/\/derigorefrigeration.com\/wp-content\/uploads\/2024\/02\/IMG_9079_lista.jpg","contentUrl":"https:\/\/derigorefrigeration.com\/wp-content\/uploads\/2024\/02\/IMG_9079_lista.jpg","width":1280,"height":823,"caption":"IMG_9079_lista"},{"@type":"BreadcrumbList","@id":"https:\/\/derigorefrigeration.com\/es\/referencias\/conad-matera-4\/#breadcrumb","itemListElement":[{"@type":"ListItem","position":1,"name":"Home","item":"https:\/\/derigorefrigeration.com\/es\/"},{"@type":"ListItem","position":2,"name":"De Rigo Refrigeration &#8211; Conad"}]},{"@type":"WebSite","@id":"https:\/\/derigorefrigeration.com\/es\/#website","url":"https:\/\/derigorefrigeration.com\/es\/","name":"De Rigo Refrigeration","description":"Somos fabricantes de mandos a distancia, complementos, c\u00e1maras frigor\u00edficas y unidades de refrigeraci\u00f3n desde hace m\u00e1s de 50 a\u00f1os.","publisher":{"@id":"https:\/\/derigorefrigeration.com\/es\/#organization"},"alternateName":"DRR","potentialAction":[{"@type":"SearchAction","target":{"@type":"EntryPoint","urlTemplate":"https:\/\/derigorefrigeration.com\/es\/?s={search_term_string}"},"query-input":{"@type":"PropertyValueSpecification","valueRequired":true,"valueName":"search_term_string"}}],"inLanguage":"es"},{"@type":"Organization","@id":"https:\/\/derigorefrigeration.com\/es\/#organization","name":"De Rigo Refrigeration","url":"https:\/\/derigorefrigeration.com\/es\/","logo":{"@type":"ImageObject","inLanguage":"es","@id":"https:\/\/derigorefrigeration.com\/es\/#\/schema\/logo\/image\/","url":"https:\/\/derigorefrigeration.com\/wp-content\/uploads\/2023\/11\/logo_de_rigo.svg","contentUrl":"https:\/\/derigorefrigeration.com\/wp-content\/uploads\/2023\/11\/logo_de_rigo.svg","width":265,"height":56,"caption":"De Rigo Refrigeration"},"image":{"@id":"https:\/\/derigorefrigeration.com\/es\/#\/schema\/logo\/image\/"}},{"@type":"Person","@id":"https:\/\/derigorefrigeration.com\/es\/#\/schema\/person\/5925364b82d1760a027fd2e399486632","name":"drrwkp","sameAs":["https:\/\/beaverlab.com"],"url":"https:\/\/derigorefrigeration.com\/es\/author\/drrwkp\/"}]}},"_links":{"self":[{"href":"https:\/\/derigorefrigeration.com\/es\/wp-json\/wp\/v2\/posts\/92355","targetHints":{"allow":["GET"]}}],"collection":[{"href":"https:\/\/derigorefrigeration.com\/es\/wp-json\/wp\/v2\/posts"}],"about":[{"href":"https:\/\/derigorefrigeration.com\/es\/wp-json\/wp\/v2\/types\/post"}],"author":[{"embeddable":true,"href":"https:\/\/derigorefrigeration.com\/es\/wp-json\/wp\/v2\/users\/1"}],"replies":[{"embeddable":true,"href":"https:\/\/derigorefrigeration.com\/es\/wp-json\/wp\/v2\/comments?post=92355"}],"version-history":[{"count":0,"href":"https:\/\/derigorefrigeration.com\/es\/wp-json\/wp\/v2\/posts\/92355\/revisions"}],"wp:featuredmedia":[{"embeddable":true,"href":"https:\/\/derigorefrigeration.com\/es\/wp-json\/wp\/v2\/media\/24108"}],"wp:attachment":[{"href":"https:\/\/derigorefrigeration.com\/es\/wp-json\/wp\/v2\/media?parent=92355"}],"wp:term":[{"taxonomy":"category","embeddable":true,"href":"https:\/\/derigorefrigeration.com\/es\/wp-json\/wp\/v2\/categories?post=92355"},{"taxonomy":"post_tag","embeddable":true,"href":"https:\/\/derigorefrigeration.com\/es\/wp-json\/wp\/v2\/tags?post=92355"},{"taxonomy":"location","embeddable":true,"href":"https:\/\/derigorefrigeration.com\/es\/wp-json\/wp\/v2\/location?post=92355"}],"curies":[{"name":"wp","href":"https:\/\/api.w.org\/{rel}","templated":true}]}}