{"id":92830,"date":"2020-07-31T00:00:00","date_gmt":"2020-07-30T22:00:00","guid":{"rendered":"https:\/\/derigorefrigeration.com\/2020\/07\/31\/our-priority-is-taking-care-of-our-people\/"},"modified":"2020-07-31T00:00:00","modified_gmt":"2020-07-30T22:00:00","slug":"our-priority-is-taking-care-of-our-people","status":"publish","type":"post","link":"https:\/\/derigorefrigeration.com\/es\/noticias\/our-priority-is-taking-care-of-our-people\/","title":{"rendered":"Our priority is taking care of our people"},"content":{"rendered":"<p>De Rigo Refrigeration has been selected by the Veneto Region for a pilot project linked to the reopening safely of the production activity, in order to check their applicability on a large scale.<br \/>\nThe project, which involved a sample of companies, included the supply of about 300 serological tests for the detection of anti-SARS-CoV-2 antibodies (IgM \/ IgG) to be carried out on all employees who have decided to participate voluntarily in the programme.<br \/>\nNo De Rigo Refrigeration employees tested positive and therefore it was not necessary to resort to any further analysis. Another important step to return to normal production, but always with an eye on workers&#39; health.<\/p>\n","protected":false},"excerpt":{"rendered":"<p>De Rigo Refrigeration has been selected by the Veneto Region for a pilot project linked to the reopening safely of the production activity.<\/p>\n","protected":false},"author":1,"featured_media":24078,"comment_status":"","ping_status":"","sticky":false,"template":"","format":"standard","meta":{"_acf_changed":false,"footnotes":""},"categories":[630],"tags":[],"location":[],"class_list":["post-92830","post","type-post","status-publish","format-standard","has-post-thumbnail","hentry","category-noticias"],"acf":[],"yoast_head":"<!-- This site is optimized with the Yoast SEO plugin v27.3 - https:\/\/yoast.com\/product\/yoast-seo-wordpress\/ -->\n<title>Our priority is taking care of our people - De Rigo Refrigeration<\/title>\n<meta name=\"robots\" content=\"index, follow, max-snippet:-1, max-image-preview:large, max-video-preview:-1\" \/>\n<link rel=\"canonical\" href=\"https:\/\/derigorefrigeration.com\/es\/noticias\/our-priority-is-taking-care-of-our-people\/\" \/>\n<meta property=\"og:locale\" content=\"es_ES\" \/>\n<meta property=\"og:type\" content=\"article\" \/>\n<meta property=\"og:title\" content=\"Our priority is taking care of our people - De Rigo Refrigeration\" \/>\n<meta property=\"og:description\" content=\"De Rigo Refrigeration has been selected by the Veneto Region for a pilot project linked to the reopening safely of the production activity.\" \/>\n<meta property=\"og:url\" content=\"https:\/\/derigorefrigeration.com\/es\/noticias\/our-priority-is-taking-care-of-our-people\/\" \/>\n<meta property=\"og:site_name\" content=\"De Rigo Refrigeration\" \/>\n<meta property=\"article:published_time\" content=\"2020-07-30T22:00:00+00:00\" \/>\n<meta property=\"og:image\" content=\"https:\/\/derigorefrigeration.com\/wp-content\/uploads\/2024\/02\/Post-DRR-covid-2_ritaglio-news.jpg\" \/>\n\t<meta property=\"og:image:width\" content=\"1280\" \/>\n\t<meta property=\"og:image:height\" content=\"800\" \/>\n\t<meta property=\"og:image:type\" content=\"image\/jpeg\" \/>\n<meta name=\"author\" content=\"drrwkp\" \/>\n<meta name=\"twitter:card\" content=\"summary_large_image\" \/>\n<meta name=\"twitter:label1\" content=\"Escrito por\" \/>\n\t<meta name=\"twitter:data1\" content=\"drrwkp\" \/>\n\t<meta name=\"twitter:label2\" content=\"Tiempo de lectura\" \/>\n\t<meta name=\"twitter:data2\" content=\"1 minuto\" \/>\n<script type=\"application\/ld+json\" class=\"yoast-schema-graph\">{\"@context\":\"https:\\\/\\\/schema.org\",\"@graph\":[{\"@type\":\"Article\",\"@id\":\"https:\\\/\\\/derigorefrigeration.com\\\/es\\\/noticias\\\/our-priority-is-taking-care-of-our-people\\\/#article\",\"isPartOf\":{\"@id\":\"https:\\\/\\\/derigorefrigeration.com\\\/es\\\/noticias\\\/our-priority-is-taking-care-of-our-people\\\/\"},\"author\":{\"name\":\"drrwkp\",\"@id\":\"https:\\\/\\\/derigorefrigeration.com\\\/es\\\/#\\\/schema\\\/person\\\/5925364b82d1760a027fd2e399486632\"},\"headline\":\"Our priority is taking care of our people\",\"datePublished\":\"2020-07-30T22:00:00+00:00\",\"mainEntityOfPage\":{\"@id\":\"https:\\\/\\\/derigorefrigeration.com\\\/es\\\/noticias\\\/our-priority-is-taking-care-of-our-people\\\/\"},\"wordCount\":115,\"publisher\":{\"@id\":\"https:\\\/\\\/derigorefrigeration.com\\\/es\\\/#organization\"},\"image\":{\"@id\":\"https:\\\/\\\/derigorefrigeration.com\\\/es\\\/noticias\\\/our-priority-is-taking-care-of-our-people\\\/#primaryimage\"},\"thumbnailUrl\":\"https:\\\/\\\/derigorefrigeration.com\\\/wp-content\\\/uploads\\\/2024\\\/02\\\/Post-DRR-covid-2_ritaglio-news.jpg\",\"articleSection\":[\"Noticias\"],\"inLanguage\":\"es\"},{\"@type\":\"WebPage\",\"@id\":\"https:\\\/\\\/derigorefrigeration.com\\\/es\\\/noticias\\\/our-priority-is-taking-care-of-our-people\\\/\",\"url\":\"https:\\\/\\\/derigorefrigeration.com\\\/es\\\/noticias\\\/our-priority-is-taking-care-of-our-people\\\/\",\"name\":\"Our priority is taking care of our people - De Rigo Refrigeration\",\"isPartOf\":{\"@id\":\"https:\\\/\\\/derigorefrigeration.com\\\/es\\\/#website\"},\"primaryImageOfPage\":{\"@id\":\"https:\\\/\\\/derigorefrigeration.com\\\/es\\\/noticias\\\/our-priority-is-taking-care-of-our-people\\\/#primaryimage\"},\"image\":{\"@id\":\"https:\\\/\\\/derigorefrigeration.com\\\/es\\\/noticias\\\/our-priority-is-taking-care-of-our-people\\\/#primaryimage\"},\"thumbnailUrl\":\"https:\\\/\\\/derigorefrigeration.com\\\/wp-content\\\/uploads\\\/2024\\\/02\\\/Post-DRR-covid-2_ritaglio-news.jpg\",\"datePublished\":\"2020-07-30T22:00:00+00:00\",\"breadcrumb\":{\"@id\":\"https:\\\/\\\/derigorefrigeration.com\\\/es\\\/noticias\\\/our-priority-is-taking-care-of-our-people\\\/#breadcrumb\"},\"inLanguage\":\"es\",\"potentialAction\":[{\"@type\":\"ReadAction\",\"target\":[\"https:\\\/\\\/derigorefrigeration.com\\\/es\\\/noticias\\\/our-priority-is-taking-care-of-our-people\\\/\"]}]},{\"@type\":\"ImageObject\",\"inLanguage\":\"es\",\"@id\":\"https:\\\/\\\/derigorefrigeration.com\\\/es\\\/noticias\\\/our-priority-is-taking-care-of-our-people\\\/#primaryimage\",\"url\":\"https:\\\/\\\/derigorefrigeration.com\\\/wp-content\\\/uploads\\\/2024\\\/02\\\/Post-DRR-covid-2_ritaglio-news.jpg\",\"contentUrl\":\"https:\\\/\\\/derigorefrigeration.com\\\/wp-content\\\/uploads\\\/2024\\\/02\\\/Post-DRR-covid-2_ritaglio-news.jpg\",\"width\":1280,\"height\":800,\"caption\":\"Post-DRR-covid-2_ritaglio news\"},{\"@type\":\"BreadcrumbList\",\"@id\":\"https:\\\/\\\/derigorefrigeration.com\\\/es\\\/noticias\\\/our-priority-is-taking-care-of-our-people\\\/#breadcrumb\",\"itemListElement\":[{\"@type\":\"ListItem\",\"position\":1,\"name\":\"Home\",\"item\":\"https:\\\/\\\/derigorefrigeration.com\\\/es\\\/\"},{\"@type\":\"ListItem\",\"position\":2,\"name\":\"Our priority is taking care of our people\"}]},{\"@type\":\"WebSite\",\"@id\":\"https:\\\/\\\/derigorefrigeration.com\\\/es\\\/#website\",\"url\":\"https:\\\/\\\/derigorefrigeration.com\\\/es\\\/\",\"name\":\"De Rigo Refrigeration\",\"description\":\"Somos fabricantes de mandos a distancia, complementos, c\u00e1maras frigor\u00edficas y unidades de refrigeraci\u00f3n desde hace m\u00e1s de 50 a\u00f1os.\",\"publisher\":{\"@id\":\"https:\\\/\\\/derigorefrigeration.com\\\/es\\\/#organization\"},\"alternateName\":\"DRR\",\"potentialAction\":[{\"@type\":\"SearchAction\",\"target\":{\"@type\":\"EntryPoint\",\"urlTemplate\":\"https:\\\/\\\/derigorefrigeration.com\\\/es\\\/?s={search_term_string}\"},\"query-input\":{\"@type\":\"PropertyValueSpecification\",\"valueRequired\":true,\"valueName\":\"search_term_string\"}}],\"inLanguage\":\"es\"},{\"@type\":\"Organization\",\"@id\":\"https:\\\/\\\/derigorefrigeration.com\\\/es\\\/#organization\",\"name\":\"De Rigo Refrigeration\",\"url\":\"https:\\\/\\\/derigorefrigeration.com\\\/es\\\/\",\"logo\":{\"@type\":\"ImageObject\",\"inLanguage\":\"es\",\"@id\":\"https:\\\/\\\/derigorefrigeration.com\\\/es\\\/#\\\/schema\\\/logo\\\/image\\\/\",\"url\":\"https:\\\/\\\/derigorefrigeration.com\\\/wp-content\\\/uploads\\\/2023\\\/11\\\/logo_de_rigo.svg\",\"contentUrl\":\"https:\\\/\\\/derigorefrigeration.com\\\/wp-content\\\/uploads\\\/2023\\\/11\\\/logo_de_rigo.svg\",\"width\":265,\"height\":56,\"caption\":\"De Rigo Refrigeration\"},\"image\":{\"@id\":\"https:\\\/\\\/derigorefrigeration.com\\\/es\\\/#\\\/schema\\\/logo\\\/image\\\/\"}},{\"@type\":\"Person\",\"@id\":\"https:\\\/\\\/derigorefrigeration.com\\\/es\\\/#\\\/schema\\\/person\\\/5925364b82d1760a027fd2e399486632\",\"name\":\"drrwkp\",\"sameAs\":[\"https:\\\/\\\/beaverlab.com\"],\"url\":\"https:\\\/\\\/derigorefrigeration.com\\\/es\\\/author\\\/drrwkp\\\/\"}]}<\/script>\n<!-- \/ Yoast SEO plugin. -->","yoast_head_json":{"title":"Our priority is taking care of our people - De Rigo Refrigeration","robots":{"index":"index","follow":"follow","max-snippet":"max-snippet:-1","max-image-preview":"max-image-preview:large","max-video-preview":"max-video-preview:-1"},"canonical":"https:\/\/derigorefrigeration.com\/es\/noticias\/our-priority-is-taking-care-of-our-people\/","og_locale":"es_ES","og_type":"article","og_title":"Our priority is taking care of our people - De Rigo Refrigeration","og_description":"De Rigo Refrigeration has been selected by the Veneto Region for a pilot project linked to the reopening safely of the production activity.","og_url":"https:\/\/derigorefrigeration.com\/es\/noticias\/our-priority-is-taking-care-of-our-people\/","og_site_name":"De Rigo Refrigeration","article_published_time":"2020-07-30T22:00:00+00:00","og_image":[{"width":1280,"height":800,"url":"https:\/\/derigorefrigeration.com\/wp-content\/uploads\/2024\/02\/Post-DRR-covid-2_ritaglio-news.jpg","type":"image\/jpeg"}],"author":"drrwkp","twitter_card":"summary_large_image","twitter_misc":{"Escrito por":"drrwkp","Tiempo de lectura":"1 minuto"},"schema":{"@context":"https:\/\/schema.org","@graph":[{"@type":"Article","@id":"https:\/\/derigorefrigeration.com\/es\/noticias\/our-priority-is-taking-care-of-our-people\/#article","isPartOf":{"@id":"https:\/\/derigorefrigeration.com\/es\/noticias\/our-priority-is-taking-care-of-our-people\/"},"author":{"name":"drrwkp","@id":"https:\/\/derigorefrigeration.com\/es\/#\/schema\/person\/5925364b82d1760a027fd2e399486632"},"headline":"Our priority is taking care of our people","datePublished":"2020-07-30T22:00:00+00:00","mainEntityOfPage":{"@id":"https:\/\/derigorefrigeration.com\/es\/noticias\/our-priority-is-taking-care-of-our-people\/"},"wordCount":115,"publisher":{"@id":"https:\/\/derigorefrigeration.com\/es\/#organization"},"image":{"@id":"https:\/\/derigorefrigeration.com\/es\/noticias\/our-priority-is-taking-care-of-our-people\/#primaryimage"},"thumbnailUrl":"https:\/\/derigorefrigeration.com\/wp-content\/uploads\/2024\/02\/Post-DRR-covid-2_ritaglio-news.jpg","articleSection":["Noticias"],"inLanguage":"es"},{"@type":"WebPage","@id":"https:\/\/derigorefrigeration.com\/es\/noticias\/our-priority-is-taking-care-of-our-people\/","url":"https:\/\/derigorefrigeration.com\/es\/noticias\/our-priority-is-taking-care-of-our-people\/","name":"Our priority is taking care of our people - De Rigo Refrigeration","isPartOf":{"@id":"https:\/\/derigorefrigeration.com\/es\/#website"},"primaryImageOfPage":{"@id":"https:\/\/derigorefrigeration.com\/es\/noticias\/our-priority-is-taking-care-of-our-people\/#primaryimage"},"image":{"@id":"https:\/\/derigorefrigeration.com\/es\/noticias\/our-priority-is-taking-care-of-our-people\/#primaryimage"},"thumbnailUrl":"https:\/\/derigorefrigeration.com\/wp-content\/uploads\/2024\/02\/Post-DRR-covid-2_ritaglio-news.jpg","datePublished":"2020-07-30T22:00:00+00:00","breadcrumb":{"@id":"https:\/\/derigorefrigeration.com\/es\/noticias\/our-priority-is-taking-care-of-our-people\/#breadcrumb"},"inLanguage":"es","potentialAction":[{"@type":"ReadAction","target":["https:\/\/derigorefrigeration.com\/es\/noticias\/our-priority-is-taking-care-of-our-people\/"]}]},{"@type":"ImageObject","inLanguage":"es","@id":"https:\/\/derigorefrigeration.com\/es\/noticias\/our-priority-is-taking-care-of-our-people\/#primaryimage","url":"https:\/\/derigorefrigeration.com\/wp-content\/uploads\/2024\/02\/Post-DRR-covid-2_ritaglio-news.jpg","contentUrl":"https:\/\/derigorefrigeration.com\/wp-content\/uploads\/2024\/02\/Post-DRR-covid-2_ritaglio-news.jpg","width":1280,"height":800,"caption":"Post-DRR-covid-2_ritaglio news"},{"@type":"BreadcrumbList","@id":"https:\/\/derigorefrigeration.com\/es\/noticias\/our-priority-is-taking-care-of-our-people\/#breadcrumb","itemListElement":[{"@type":"ListItem","position":1,"name":"Home","item":"https:\/\/derigorefrigeration.com\/es\/"},{"@type":"ListItem","position":2,"name":"Our priority is taking care of our people"}]},{"@type":"WebSite","@id":"https:\/\/derigorefrigeration.com\/es\/#website","url":"https:\/\/derigorefrigeration.com\/es\/","name":"De Rigo Refrigeration","description":"Somos fabricantes de mandos a distancia, complementos, c\u00e1maras frigor\u00edficas y unidades de refrigeraci\u00f3n desde hace m\u00e1s de 50 a\u00f1os.","publisher":{"@id":"https:\/\/derigorefrigeration.com\/es\/#organization"},"alternateName":"DRR","potentialAction":[{"@type":"SearchAction","target":{"@type":"EntryPoint","urlTemplate":"https:\/\/derigorefrigeration.com\/es\/?s={search_term_string}"},"query-input":{"@type":"PropertyValueSpecification","valueRequired":true,"valueName":"search_term_string"}}],"inLanguage":"es"},{"@type":"Organization","@id":"https:\/\/derigorefrigeration.com\/es\/#organization","name":"De Rigo Refrigeration","url":"https:\/\/derigorefrigeration.com\/es\/","logo":{"@type":"ImageObject","inLanguage":"es","@id":"https:\/\/derigorefrigeration.com\/es\/#\/schema\/logo\/image\/","url":"https:\/\/derigorefrigeration.com\/wp-content\/uploads\/2023\/11\/logo_de_rigo.svg","contentUrl":"https:\/\/derigorefrigeration.com\/wp-content\/uploads\/2023\/11\/logo_de_rigo.svg","width":265,"height":56,"caption":"De Rigo Refrigeration"},"image":{"@id":"https:\/\/derigorefrigeration.com\/es\/#\/schema\/logo\/image\/"}},{"@type":"Person","@id":"https:\/\/derigorefrigeration.com\/es\/#\/schema\/person\/5925364b82d1760a027fd2e399486632","name":"drrwkp","sameAs":["https:\/\/beaverlab.com"],"url":"https:\/\/derigorefrigeration.com\/es\/author\/drrwkp\/"}]}},"_links":{"self":[{"href":"https:\/\/derigorefrigeration.com\/es\/wp-json\/wp\/v2\/posts\/92830","targetHints":{"allow":["GET"]}}],"collection":[{"href":"https:\/\/derigorefrigeration.com\/es\/wp-json\/wp\/v2\/posts"}],"about":[{"href":"https:\/\/derigorefrigeration.com\/es\/wp-json\/wp\/v2\/types\/post"}],"author":[{"embeddable":true,"href":"https:\/\/derigorefrigeration.com\/es\/wp-json\/wp\/v2\/users\/1"}],"replies":[{"embeddable":true,"href":"https:\/\/derigorefrigeration.com\/es\/wp-json\/wp\/v2\/comments?post=92830"}],"version-history":[{"count":0,"href":"https:\/\/derigorefrigeration.com\/es\/wp-json\/wp\/v2\/posts\/92830\/revisions"}],"wp:featuredmedia":[{"embeddable":true,"href":"https:\/\/derigorefrigeration.com\/es\/wp-json\/wp\/v2\/media\/24078"}],"wp:attachment":[{"href":"https:\/\/derigorefrigeration.com\/es\/wp-json\/wp\/v2\/media?parent=92830"}],"wp:term":[{"taxonomy":"category","embeddable":true,"href":"https:\/\/derigorefrigeration.com\/es\/wp-json\/wp\/v2\/categories?post=92830"},{"taxonomy":"post_tag","embeddable":true,"href":"https:\/\/derigorefrigeration.com\/es\/wp-json\/wp\/v2\/tags?post=92830"},{"taxonomy":"location","embeddable":true,"href":"https:\/\/derigorefrigeration.com\/es\/wp-json\/wp\/v2\/location?post=92830"}],"curies":[{"name":"wp","href":"https:\/\/api.w.org\/{rel}","templated":true}]}}