{"id":93160,"date":"2021-02-22T00:00:00","date_gmt":"2021-02-21T23:00:00","guid":{"rendered":"https:\/\/derigorefrigeration.com\/2021\/02\/22\/el-grupo-de-rigo-hace-equipo-contra-la-pandemia\/"},"modified":"2021-02-22T00:00:00","modified_gmt":"2021-02-21T23:00:00","slug":"el-grupo-de-rigo-hace-equipo-contra-la-pandemia","status":"publish","type":"post","link":"https:\/\/derigorefrigeration.com\/es\/noticias\/el-grupo-de-rigo-hace-equipo-contra-la-pandemia\/","title":{"rendered":"El Grupo De Rigo hace equipo contra la pandemia"},"content":{"rendered":"<p>El grupo De Rigo hace equipo contra la pandemia y afronta las fluctuaciones del mercado creando un modelo organizativo &aacute;gil para apoyar al negocio y a sus trabajadores.<br \/>\nNunca antes se hab&iacute;a podido decir que formar parte de un gran Grupo marcase tanto la diferencia en t&eacute;rminos de negocio y oportunidades para los trabajadores. Ante las tendencias del mercado derivadas de la pandemia, dos entidades del Grupo De Rigo, que suelen funcionar por separado, se han dado cuenta de que la uni&oacute;n hace la fuerza. A trav&eacute;s de un meticuloso trabajo en consonancia con los Recursos Humanos de ambas empresas, se cre&oacute; r&aacute;pidamente un c&iacute;rculo virtuoso sobre el que se basa un nuevo modelo organizativo para proteger al negocio y a los trabajadores.<br \/>\n<em>De Rigo Refrigeration, empresa del Grupo De Rigo y l&iacute;der en<\/em> el sector de la refrigeraci&oacute;n, no solo se ha visto poco afectada por los efectos de la pandemia, sino que, al contrario, se ha visto obligada a afrontar un aumento de los pedidos con plazos de entrega ajustados.<br \/>\nEn cambio, De Rigo Vision, a pesar de haber emprendido importantes acciones para contrarrestar la inevitable ca&iacute;da del mercado provocada por la situaci&oacute;n de emergencia de la COVID-19, ha experimentado una disminuci&oacute;n en su negocio.<br \/>\nPor tanto, por un lado, una oportunidad extraordinaria para que De Rigo Refrigeration ampl&iacute;e su negocio con una cartera de pedidos que requer&iacute;an un aumento de la producci&oacute;n dif&iacute;cil de satisfacer de forma inmediata. Y, por otro lado, la disponibilidad inmediata de los profesionales de De Rigo Vision, que se prestaron con entusiasmo a ayudar a colegas del sector de la refrigeraci&oacute;n para hacer realidad dicha oportunidad.<br \/>\nTal y como explica el Presidente del Grupo, Ennio De Rigo: <em>&laquo;El aumento de la actividad se debe a la recuperaci&oacute;n de los mercados externos que ten&iacute;an &ldquo;congeladas&rdquo; las inversiones durante el per&iacute;odo de pandemia, as&iacute; como al continuo crecimiento del mercado dom&eacute;stico. A ello, se suma un importante aumento de pedidos relacionados con el sector m&eacute;dico de armarios refrigerados que, como sabemos, son necesarios para el plan de vacunaci&oacute;n italiano. Una situaci&oacute;n extraordinaria que requiere un esfuerzo extraordinario para poder satisfacer tal aumento de pedidos. Por lo tanto, gracias a la disponibilidad de nuestra gente, fue posible responder de inmediato a las solicitudes del mercado, acordando trasladar temporalmente a algunos trabajadores de De Rigo Vision a los departamentos de producci&oacute;n de De Rigo Refrigeration. Esto nos ha permitido ofrecer a los colegas del sector de las &oacute;pticas la oportunidad de retomar su trabajo al 100% y, al mismo tiempo, adquirir una nueva e importante experiencia profesional. Un buen ejemplo de rotaci&oacute;n laboral, de trabajo en equipo y de formar parte de un gran Grupo&raquo;.<\/em><\/p>\n","protected":false},"excerpt":{"rendered":"<p>De Rigo Vision y De Rigo Refrigeration afrontan las fluctuaciones del mercado creando un modelo organizativo \u00e1gil para apoyar al negocio y a sus trabajadores<\/p>\n","protected":false},"author":1,"featured_media":24056,"comment_status":"","ping_status":"","sticky":false,"template":"","format":"standard","meta":{"_acf_changed":false,"footnotes":""},"categories":[630],"tags":[],"location":[],"class_list":["post-93160","post","type-post","status-publish","format-standard","has-post-thumbnail","hentry","category-noticias"],"acf":[],"yoast_head":"<!-- This site is optimized with the Yoast SEO plugin v27.3 - https:\/\/yoast.com\/product\/yoast-seo-wordpress\/ -->\n<title>El Grupo De Rigo hace equipo contra la pandemia - De Rigo Refrigeration<\/title>\n<meta name=\"robots\" content=\"index, follow, max-snippet:-1, max-image-preview:large, max-video-preview:-1\" \/>\n<link rel=\"canonical\" href=\"https:\/\/derigorefrigeration.com\/es\/noticias\/el-grupo-de-rigo-hace-equipo-contra-la-pandemia\/\" \/>\n<meta property=\"og:locale\" content=\"es_ES\" \/>\n<meta property=\"og:type\" content=\"article\" \/>\n<meta property=\"og:title\" content=\"El Grupo De Rigo hace equipo contra la pandemia - De Rigo Refrigeration\" \/>\n<meta property=\"og:description\" content=\"De Rigo Vision y De Rigo Refrigeration afrontan las fluctuaciones del mercado creando un modelo organizativo \u00e1gil para apoyar al negocio y a sus trabajadores\" \/>\n<meta property=\"og:url\" content=\"https:\/\/derigorefrigeration.com\/es\/noticias\/el-grupo-de-rigo-hace-equipo-contra-la-pandemia\/\" \/>\n<meta property=\"og:site_name\" content=\"De Rigo Refrigeration\" \/>\n<meta property=\"article:published_time\" content=\"2021-02-21T23:00:00+00:00\" \/>\n<meta property=\"og:image\" content=\"https:\/\/derigorefrigeration.com\/wp-content\/uploads\/2024\/02\/GROUP-SITO.jpg\" \/>\n\t<meta property=\"og:image:width\" content=\"1280\" \/>\n\t<meta property=\"og:image:height\" content=\"823\" \/>\n\t<meta property=\"og:image:type\" content=\"image\/jpeg\" \/>\n<meta name=\"author\" content=\"drrwkp\" \/>\n<meta name=\"twitter:card\" content=\"summary_large_image\" \/>\n<meta name=\"twitter:label1\" content=\"Escrito por\" \/>\n\t<meta name=\"twitter:data1\" content=\"drrwkp\" \/>\n\t<meta name=\"twitter:label2\" content=\"Tiempo de lectura\" \/>\n\t<meta name=\"twitter:data2\" content=\"3 minutos\" \/>\n<script type=\"application\/ld+json\" class=\"yoast-schema-graph\">{\"@context\":\"https:\\\/\\\/schema.org\",\"@graph\":[{\"@type\":\"Article\",\"@id\":\"https:\\\/\\\/derigorefrigeration.com\\\/es\\\/noticias\\\/el-grupo-de-rigo-hace-equipo-contra-la-pandemia\\\/#article\",\"isPartOf\":{\"@id\":\"https:\\\/\\\/derigorefrigeration.com\\\/es\\\/noticias\\\/el-grupo-de-rigo-hace-equipo-contra-la-pandemia\\\/\"},\"author\":{\"name\":\"drrwkp\",\"@id\":\"https:\\\/\\\/derigorefrigeration.com\\\/es\\\/#\\\/schema\\\/person\\\/5925364b82d1760a027fd2e399486632\"},\"headline\":\"El Grupo De Rigo hace equipo contra la pandemia\",\"datePublished\":\"2021-02-21T23:00:00+00:00\",\"mainEntityOfPage\":{\"@id\":\"https:\\\/\\\/derigorefrigeration.com\\\/es\\\/noticias\\\/el-grupo-de-rigo-hace-equipo-contra-la-pandemia\\\/\"},\"wordCount\":515,\"publisher\":{\"@id\":\"https:\\\/\\\/derigorefrigeration.com\\\/es\\\/#organization\"},\"image\":{\"@id\":\"https:\\\/\\\/derigorefrigeration.com\\\/es\\\/noticias\\\/el-grupo-de-rigo-hace-equipo-contra-la-pandemia\\\/#primaryimage\"},\"thumbnailUrl\":\"https:\\\/\\\/derigorefrigeration.com\\\/wp-content\\\/uploads\\\/2024\\\/02\\\/GROUP-SITO.jpg\",\"articleSection\":[\"Noticias\"],\"inLanguage\":\"es\"},{\"@type\":\"WebPage\",\"@id\":\"https:\\\/\\\/derigorefrigeration.com\\\/es\\\/noticias\\\/el-grupo-de-rigo-hace-equipo-contra-la-pandemia\\\/\",\"url\":\"https:\\\/\\\/derigorefrigeration.com\\\/es\\\/noticias\\\/el-grupo-de-rigo-hace-equipo-contra-la-pandemia\\\/\",\"name\":\"El Grupo De Rigo hace equipo contra la pandemia - De Rigo Refrigeration\",\"isPartOf\":{\"@id\":\"https:\\\/\\\/derigorefrigeration.com\\\/es\\\/#website\"},\"primaryImageOfPage\":{\"@id\":\"https:\\\/\\\/derigorefrigeration.com\\\/es\\\/noticias\\\/el-grupo-de-rigo-hace-equipo-contra-la-pandemia\\\/#primaryimage\"},\"image\":{\"@id\":\"https:\\\/\\\/derigorefrigeration.com\\\/es\\\/noticias\\\/el-grupo-de-rigo-hace-equipo-contra-la-pandemia\\\/#primaryimage\"},\"thumbnailUrl\":\"https:\\\/\\\/derigorefrigeration.com\\\/wp-content\\\/uploads\\\/2024\\\/02\\\/GROUP-SITO.jpg\",\"datePublished\":\"2021-02-21T23:00:00+00:00\",\"breadcrumb\":{\"@id\":\"https:\\\/\\\/derigorefrigeration.com\\\/es\\\/noticias\\\/el-grupo-de-rigo-hace-equipo-contra-la-pandemia\\\/#breadcrumb\"},\"inLanguage\":\"es\",\"potentialAction\":[{\"@type\":\"ReadAction\",\"target\":[\"https:\\\/\\\/derigorefrigeration.com\\\/es\\\/noticias\\\/el-grupo-de-rigo-hace-equipo-contra-la-pandemia\\\/\"]}]},{\"@type\":\"ImageObject\",\"inLanguage\":\"es\",\"@id\":\"https:\\\/\\\/derigorefrigeration.com\\\/es\\\/noticias\\\/el-grupo-de-rigo-hace-equipo-contra-la-pandemia\\\/#primaryimage\",\"url\":\"https:\\\/\\\/derigorefrigeration.com\\\/wp-content\\\/uploads\\\/2024\\\/02\\\/GROUP-SITO.jpg\",\"contentUrl\":\"https:\\\/\\\/derigorefrigeration.com\\\/wp-content\\\/uploads\\\/2024\\\/02\\\/GROUP-SITO.jpg\",\"width\":1280,\"height\":823,\"caption\":\"GROUP-SITO\"},{\"@type\":\"BreadcrumbList\",\"@id\":\"https:\\\/\\\/derigorefrigeration.com\\\/es\\\/noticias\\\/el-grupo-de-rigo-hace-equipo-contra-la-pandemia\\\/#breadcrumb\",\"itemListElement\":[{\"@type\":\"ListItem\",\"position\":1,\"name\":\"Home\",\"item\":\"https:\\\/\\\/derigorefrigeration.com\\\/es\\\/\"},{\"@type\":\"ListItem\",\"position\":2,\"name\":\"El Grupo De Rigo hace equipo contra la pandemia\"}]},{\"@type\":\"WebSite\",\"@id\":\"https:\\\/\\\/derigorefrigeration.com\\\/es\\\/#website\",\"url\":\"https:\\\/\\\/derigorefrigeration.com\\\/es\\\/\",\"name\":\"De Rigo Refrigeration\",\"description\":\"Somos fabricantes de mandos a distancia, complementos, c\u00e1maras frigor\u00edficas y unidades de refrigeraci\u00f3n desde hace m\u00e1s de 50 a\u00f1os.\",\"publisher\":{\"@id\":\"https:\\\/\\\/derigorefrigeration.com\\\/es\\\/#organization\"},\"alternateName\":\"DRR\",\"potentialAction\":[{\"@type\":\"SearchAction\",\"target\":{\"@type\":\"EntryPoint\",\"urlTemplate\":\"https:\\\/\\\/derigorefrigeration.com\\\/es\\\/?s={search_term_string}\"},\"query-input\":{\"@type\":\"PropertyValueSpecification\",\"valueRequired\":true,\"valueName\":\"search_term_string\"}}],\"inLanguage\":\"es\"},{\"@type\":\"Organization\",\"@id\":\"https:\\\/\\\/derigorefrigeration.com\\\/es\\\/#organization\",\"name\":\"De Rigo Refrigeration\",\"url\":\"https:\\\/\\\/derigorefrigeration.com\\\/es\\\/\",\"logo\":{\"@type\":\"ImageObject\",\"inLanguage\":\"es\",\"@id\":\"https:\\\/\\\/derigorefrigeration.com\\\/es\\\/#\\\/schema\\\/logo\\\/image\\\/\",\"url\":\"https:\\\/\\\/derigorefrigeration.com\\\/wp-content\\\/uploads\\\/2023\\\/11\\\/logo_de_rigo.svg\",\"contentUrl\":\"https:\\\/\\\/derigorefrigeration.com\\\/wp-content\\\/uploads\\\/2023\\\/11\\\/logo_de_rigo.svg\",\"width\":265,\"height\":56,\"caption\":\"De Rigo Refrigeration\"},\"image\":{\"@id\":\"https:\\\/\\\/derigorefrigeration.com\\\/es\\\/#\\\/schema\\\/logo\\\/image\\\/\"}},{\"@type\":\"Person\",\"@id\":\"https:\\\/\\\/derigorefrigeration.com\\\/es\\\/#\\\/schema\\\/person\\\/5925364b82d1760a027fd2e399486632\",\"name\":\"drrwkp\",\"sameAs\":[\"https:\\\/\\\/beaverlab.com\"],\"url\":\"https:\\\/\\\/derigorefrigeration.com\\\/es\\\/author\\\/drrwkp\\\/\"}]}<\/script>\n<!-- \/ Yoast SEO plugin. -->","yoast_head_json":{"title":"El Grupo De Rigo hace equipo contra la pandemia - De Rigo Refrigeration","robots":{"index":"index","follow":"follow","max-snippet":"max-snippet:-1","max-image-preview":"max-image-preview:large","max-video-preview":"max-video-preview:-1"},"canonical":"https:\/\/derigorefrigeration.com\/es\/noticias\/el-grupo-de-rigo-hace-equipo-contra-la-pandemia\/","og_locale":"es_ES","og_type":"article","og_title":"El Grupo De Rigo hace equipo contra la pandemia - De Rigo Refrigeration","og_description":"De Rigo Vision y De Rigo Refrigeration afrontan las fluctuaciones del mercado creando un modelo organizativo \u00e1gil para apoyar al negocio y a sus trabajadores","og_url":"https:\/\/derigorefrigeration.com\/es\/noticias\/el-grupo-de-rigo-hace-equipo-contra-la-pandemia\/","og_site_name":"De Rigo Refrigeration","article_published_time":"2021-02-21T23:00:00+00:00","og_image":[{"width":1280,"height":823,"url":"https:\/\/derigorefrigeration.com\/wp-content\/uploads\/2024\/02\/GROUP-SITO.jpg","type":"image\/jpeg"}],"author":"drrwkp","twitter_card":"summary_large_image","twitter_misc":{"Escrito por":"drrwkp","Tiempo de lectura":"3 minutos"},"schema":{"@context":"https:\/\/schema.org","@graph":[{"@type":"Article","@id":"https:\/\/derigorefrigeration.com\/es\/noticias\/el-grupo-de-rigo-hace-equipo-contra-la-pandemia\/#article","isPartOf":{"@id":"https:\/\/derigorefrigeration.com\/es\/noticias\/el-grupo-de-rigo-hace-equipo-contra-la-pandemia\/"},"author":{"name":"drrwkp","@id":"https:\/\/derigorefrigeration.com\/es\/#\/schema\/person\/5925364b82d1760a027fd2e399486632"},"headline":"El Grupo De Rigo hace equipo contra la pandemia","datePublished":"2021-02-21T23:00:00+00:00","mainEntityOfPage":{"@id":"https:\/\/derigorefrigeration.com\/es\/noticias\/el-grupo-de-rigo-hace-equipo-contra-la-pandemia\/"},"wordCount":515,"publisher":{"@id":"https:\/\/derigorefrigeration.com\/es\/#organization"},"image":{"@id":"https:\/\/derigorefrigeration.com\/es\/noticias\/el-grupo-de-rigo-hace-equipo-contra-la-pandemia\/#primaryimage"},"thumbnailUrl":"https:\/\/derigorefrigeration.com\/wp-content\/uploads\/2024\/02\/GROUP-SITO.jpg","articleSection":["Noticias"],"inLanguage":"es"},{"@type":"WebPage","@id":"https:\/\/derigorefrigeration.com\/es\/noticias\/el-grupo-de-rigo-hace-equipo-contra-la-pandemia\/","url":"https:\/\/derigorefrigeration.com\/es\/noticias\/el-grupo-de-rigo-hace-equipo-contra-la-pandemia\/","name":"El Grupo De Rigo hace equipo contra la pandemia - De Rigo Refrigeration","isPartOf":{"@id":"https:\/\/derigorefrigeration.com\/es\/#website"},"primaryImageOfPage":{"@id":"https:\/\/derigorefrigeration.com\/es\/noticias\/el-grupo-de-rigo-hace-equipo-contra-la-pandemia\/#primaryimage"},"image":{"@id":"https:\/\/derigorefrigeration.com\/es\/noticias\/el-grupo-de-rigo-hace-equipo-contra-la-pandemia\/#primaryimage"},"thumbnailUrl":"https:\/\/derigorefrigeration.com\/wp-content\/uploads\/2024\/02\/GROUP-SITO.jpg","datePublished":"2021-02-21T23:00:00+00:00","breadcrumb":{"@id":"https:\/\/derigorefrigeration.com\/es\/noticias\/el-grupo-de-rigo-hace-equipo-contra-la-pandemia\/#breadcrumb"},"inLanguage":"es","potentialAction":[{"@type":"ReadAction","target":["https:\/\/derigorefrigeration.com\/es\/noticias\/el-grupo-de-rigo-hace-equipo-contra-la-pandemia\/"]}]},{"@type":"ImageObject","inLanguage":"es","@id":"https:\/\/derigorefrigeration.com\/es\/noticias\/el-grupo-de-rigo-hace-equipo-contra-la-pandemia\/#primaryimage","url":"https:\/\/derigorefrigeration.com\/wp-content\/uploads\/2024\/02\/GROUP-SITO.jpg","contentUrl":"https:\/\/derigorefrigeration.com\/wp-content\/uploads\/2024\/02\/GROUP-SITO.jpg","width":1280,"height":823,"caption":"GROUP-SITO"},{"@type":"BreadcrumbList","@id":"https:\/\/derigorefrigeration.com\/es\/noticias\/el-grupo-de-rigo-hace-equipo-contra-la-pandemia\/#breadcrumb","itemListElement":[{"@type":"ListItem","position":1,"name":"Home","item":"https:\/\/derigorefrigeration.com\/es\/"},{"@type":"ListItem","position":2,"name":"El Grupo De Rigo hace equipo contra la pandemia"}]},{"@type":"WebSite","@id":"https:\/\/derigorefrigeration.com\/es\/#website","url":"https:\/\/derigorefrigeration.com\/es\/","name":"De Rigo Refrigeration","description":"Somos fabricantes de mandos a distancia, complementos, c\u00e1maras frigor\u00edficas y unidades de refrigeraci\u00f3n desde hace m\u00e1s de 50 a\u00f1os.","publisher":{"@id":"https:\/\/derigorefrigeration.com\/es\/#organization"},"alternateName":"DRR","potentialAction":[{"@type":"SearchAction","target":{"@type":"EntryPoint","urlTemplate":"https:\/\/derigorefrigeration.com\/es\/?s={search_term_string}"},"query-input":{"@type":"PropertyValueSpecification","valueRequired":true,"valueName":"search_term_string"}}],"inLanguage":"es"},{"@type":"Organization","@id":"https:\/\/derigorefrigeration.com\/es\/#organization","name":"De Rigo Refrigeration","url":"https:\/\/derigorefrigeration.com\/es\/","logo":{"@type":"ImageObject","inLanguage":"es","@id":"https:\/\/derigorefrigeration.com\/es\/#\/schema\/logo\/image\/","url":"https:\/\/derigorefrigeration.com\/wp-content\/uploads\/2023\/11\/logo_de_rigo.svg","contentUrl":"https:\/\/derigorefrigeration.com\/wp-content\/uploads\/2023\/11\/logo_de_rigo.svg","width":265,"height":56,"caption":"De Rigo Refrigeration"},"image":{"@id":"https:\/\/derigorefrigeration.com\/es\/#\/schema\/logo\/image\/"}},{"@type":"Person","@id":"https:\/\/derigorefrigeration.com\/es\/#\/schema\/person\/5925364b82d1760a027fd2e399486632","name":"drrwkp","sameAs":["https:\/\/beaverlab.com"],"url":"https:\/\/derigorefrigeration.com\/es\/author\/drrwkp\/"}]}},"_links":{"self":[{"href":"https:\/\/derigorefrigeration.com\/es\/wp-json\/wp\/v2\/posts\/93160","targetHints":{"allow":["GET"]}}],"collection":[{"href":"https:\/\/derigorefrigeration.com\/es\/wp-json\/wp\/v2\/posts"}],"about":[{"href":"https:\/\/derigorefrigeration.com\/es\/wp-json\/wp\/v2\/types\/post"}],"author":[{"embeddable":true,"href":"https:\/\/derigorefrigeration.com\/es\/wp-json\/wp\/v2\/users\/1"}],"replies":[{"embeddable":true,"href":"https:\/\/derigorefrigeration.com\/es\/wp-json\/wp\/v2\/comments?post=93160"}],"version-history":[{"count":0,"href":"https:\/\/derigorefrigeration.com\/es\/wp-json\/wp\/v2\/posts\/93160\/revisions"}],"wp:featuredmedia":[{"embeddable":true,"href":"https:\/\/derigorefrigeration.com\/es\/wp-json\/wp\/v2\/media\/24056"}],"wp:attachment":[{"href":"https:\/\/derigorefrigeration.com\/es\/wp-json\/wp\/v2\/media?parent=93160"}],"wp:term":[{"taxonomy":"category","embeddable":true,"href":"https:\/\/derigorefrigeration.com\/es\/wp-json\/wp\/v2\/categories?post=93160"},{"taxonomy":"post_tag","embeddable":true,"href":"https:\/\/derigorefrigeration.com\/es\/wp-json\/wp\/v2\/tags?post=93160"},{"taxonomy":"location","embeddable":true,"href":"https:\/\/derigorefrigeration.com\/es\/wp-json\/wp\/v2\/location?post=93160"}],"curies":[{"name":"wp","href":"https:\/\/api.w.org\/{rel}","templated":true}]}}