{"id":94006,"date":"2022-10-06T00:00:00","date_gmt":"2022-10-05T22:00:00","guid":{"rendered":"https:\/\/derigorefrigeration.com\/2022\/10\/06\/el-sitio-web-de-rigo-refrigeration-ahora-tambien-en-aleman\/"},"modified":"2022-10-06T00:00:00","modified_gmt":"2022-10-05T22:00:00","slug":"el-sitio-web-de-rigo-refrigeration-ahora-tambien-en-aleman","status":"publish","type":"post","link":"https:\/\/derigorefrigeration.com\/es\/noticias\/el-sitio-web-de-rigo-refrigeration-ahora-tambien-en-aleman\/","title":{"rendered":"\u00a1El sitio web De Rigo Refrigeration ahora tambi\u00e9n en alem\u00e1n!"},"content":{"rendered":"<p>La versi\u00f3n en alem\u00e1n de nuestro sitio web est\u00e1 en l\u00ednea.<br \/>\nA partir de hoy, es posible acceder a todos nuestros contenidos comerciales, t\u00e9cnicos y de comunicaci\u00f3n en alem\u00e1n, tambi\u00e9n con informaci\u00f3n y documentaci\u00f3n dedicada.<br \/>\nAlemania, Austria y Suiza son para nosotros mercados en constante expansi\u00f3n, que nos est\u00e1n dando grandes satisfacciones. 2022 ha estado lleno de viejas y nuevas colaboraciones que se han concretizado en atractivos puntos de venta con muebles refrigerados De Rigo, y ya hay nuevos proyectos en preparaci\u00f3n para 2023.<br \/>\nTodo esto gracias al fant\u00e1stico trabajo que est\u00e1 haciendo el equipo de exportaci\u00f3n en Europa central, pero sobre todo a la confianza que el mercado alem\u00e1n de refrigeraci\u00f3n comercial est\u00e1 depositando cada vez m\u00e1s en nuestra empresa y en nuestros productos.<br \/>\nY por esto, queremos apoyarles en la elecci\u00f3n de los productos DRR que mejor se adapten a sus necesidades, proporcion\u00e1ndoles todo el contenido de nuestro sitio web directamente en alem\u00e1n.<br \/>\nRegistraros en nuestro sitio web para manteneros actualizados sobre las novedades de De Rigo Refrigeration y seguidnos en nuestros canales sociales.<br \/>\nY, por supuesto, os esperamos a todos en Euroshop 2023 con much\u00edsimas novedades.<br \/>\n\u00a1Permaneced conectados!<\/p>\n","protected":false},"excerpt":{"rendered":"<p>Alemania, Austria y Suiza son para nosotros mercados en constante expansi\u00f3n, que nos est\u00e1n dando grandes satisfacciones. 2022 ha estado lleno de viejas y nuevas colaboraciones que se han concretizado en atractivos puntos de venta con muebles refrigerados De Rigo, y ya hay nuevos proyectos en preparaci\u00f3n para 2023 &#8230;<\/p>\n","protected":false},"author":1,"featured_media":24002,"comment_status":"","ping_status":"","sticky":false,"template":"","format":"standard","meta":{"_acf_changed":false,"footnotes":""},"categories":[630],"tags":[],"location":[],"class_list":["post-94006","post","type-post","status-publish","format-standard","has-post-thumbnail","hentry","category-noticias"],"acf":[],"yoast_head":"<!-- This site is optimized with the Yoast SEO plugin v27.3 - https:\/\/yoast.com\/product\/yoast-seo-wordpress\/ -->\n<title>\u00a1El sitio web De Rigo Refrigeration ahora tambi\u00e9n en alem\u00e1n! - De Rigo Refrigeration<\/title>\n<meta name=\"robots\" content=\"index, follow, max-snippet:-1, max-image-preview:large, max-video-preview:-1\" \/>\n<link rel=\"canonical\" href=\"https:\/\/derigorefrigeration.com\/es\/noticias\/el-sitio-web-de-rigo-refrigeration-ahora-tambien-en-aleman\/\" \/>\n<meta property=\"og:locale\" content=\"es_ES\" \/>\n<meta property=\"og:type\" content=\"article\" \/>\n<meta property=\"og:title\" content=\"\u00a1El sitio web De Rigo Refrigeration ahora tambi\u00e9n en alem\u00e1n! - De Rigo Refrigeration\" \/>\n<meta property=\"og:description\" content=\"Alemania, Austria y Suiza son para nosotros mercados en constante expansi\u00f3n, que nos est\u00e1n dando grandes satisfacciones. 2022 ha estado lleno de viejas y nuevas colaboraciones que se han concretizado en atractivos puntos de venta con muebles refrigerados De Rigo, y ya hay nuevos proyectos en preparaci\u00f3n para 2023 ...\" \/>\n<meta property=\"og:url\" content=\"https:\/\/derigorefrigeration.com\/es\/noticias\/el-sitio-web-de-rigo-refrigeration-ahora-tambien-en-aleman\/\" \/>\n<meta property=\"og:site_name\" content=\"De Rigo Refrigeration\" \/>\n<meta property=\"article:published_time\" content=\"2022-10-05T22:00:00+00:00\" \/>\n<meta property=\"og:image\" content=\"https:\/\/derigorefrigeration.com\/wp-content\/uploads\/2024\/02\/Lancio-sito-DE-news.jpg\" \/>\n\t<meta property=\"og:image:width\" content=\"1280\" \/>\n\t<meta property=\"og:image:height\" content=\"823\" \/>\n\t<meta property=\"og:image:type\" content=\"image\/jpeg\" \/>\n<meta name=\"author\" content=\"drrwkp\" \/>\n<meta name=\"twitter:card\" content=\"summary_large_image\" \/>\n<meta name=\"twitter:label1\" content=\"Escrito por\" \/>\n\t<meta name=\"twitter:data1\" content=\"drrwkp\" \/>\n\t<meta name=\"twitter:label2\" content=\"Tiempo de lectura\" \/>\n\t<meta name=\"twitter:data2\" content=\"1 minuto\" \/>\n<script type=\"application\/ld+json\" class=\"yoast-schema-graph\">{\"@context\":\"https:\\\/\\\/schema.org\",\"@graph\":[{\"@type\":\"Article\",\"@id\":\"https:\\\/\\\/derigorefrigeration.com\\\/es\\\/noticias\\\/el-sitio-web-de-rigo-refrigeration-ahora-tambien-en-aleman\\\/#article\",\"isPartOf\":{\"@id\":\"https:\\\/\\\/derigorefrigeration.com\\\/es\\\/noticias\\\/el-sitio-web-de-rigo-refrigeration-ahora-tambien-en-aleman\\\/\"},\"author\":{\"name\":\"drrwkp\",\"@id\":\"https:\\\/\\\/derigorefrigeration.com\\\/es\\\/#\\\/schema\\\/person\\\/5925364b82d1760a027fd2e399486632\"},\"headline\":\"\u00a1El sitio web De Rigo Refrigeration ahora tambi\u00e9n en alem\u00e1n!\",\"datePublished\":\"2022-10-05T22:00:00+00:00\",\"mainEntityOfPage\":{\"@id\":\"https:\\\/\\\/derigorefrigeration.com\\\/es\\\/noticias\\\/el-sitio-web-de-rigo-refrigeration-ahora-tambien-en-aleman\\\/\"},\"wordCount\":221,\"publisher\":{\"@id\":\"https:\\\/\\\/derigorefrigeration.com\\\/es\\\/#organization\"},\"image\":{\"@id\":\"https:\\\/\\\/derigorefrigeration.com\\\/es\\\/noticias\\\/el-sitio-web-de-rigo-refrigeration-ahora-tambien-en-aleman\\\/#primaryimage\"},\"thumbnailUrl\":\"https:\\\/\\\/derigorefrigeration.com\\\/wp-content\\\/uploads\\\/2024\\\/02\\\/Lancio-sito-DE-news.jpg\",\"articleSection\":[\"Noticias\"],\"inLanguage\":\"es\"},{\"@type\":\"WebPage\",\"@id\":\"https:\\\/\\\/derigorefrigeration.com\\\/es\\\/noticias\\\/el-sitio-web-de-rigo-refrigeration-ahora-tambien-en-aleman\\\/\",\"url\":\"https:\\\/\\\/derigorefrigeration.com\\\/es\\\/noticias\\\/el-sitio-web-de-rigo-refrigeration-ahora-tambien-en-aleman\\\/\",\"name\":\"\u00a1El sitio web De Rigo Refrigeration ahora tambi\u00e9n en alem\u00e1n! - De Rigo Refrigeration\",\"isPartOf\":{\"@id\":\"https:\\\/\\\/derigorefrigeration.com\\\/es\\\/#website\"},\"primaryImageOfPage\":{\"@id\":\"https:\\\/\\\/derigorefrigeration.com\\\/es\\\/noticias\\\/el-sitio-web-de-rigo-refrigeration-ahora-tambien-en-aleman\\\/#primaryimage\"},\"image\":{\"@id\":\"https:\\\/\\\/derigorefrigeration.com\\\/es\\\/noticias\\\/el-sitio-web-de-rigo-refrigeration-ahora-tambien-en-aleman\\\/#primaryimage\"},\"thumbnailUrl\":\"https:\\\/\\\/derigorefrigeration.com\\\/wp-content\\\/uploads\\\/2024\\\/02\\\/Lancio-sito-DE-news.jpg\",\"datePublished\":\"2022-10-05T22:00:00+00:00\",\"breadcrumb\":{\"@id\":\"https:\\\/\\\/derigorefrigeration.com\\\/es\\\/noticias\\\/el-sitio-web-de-rigo-refrigeration-ahora-tambien-en-aleman\\\/#breadcrumb\"},\"inLanguage\":\"es\",\"potentialAction\":[{\"@type\":\"ReadAction\",\"target\":[\"https:\\\/\\\/derigorefrigeration.com\\\/es\\\/noticias\\\/el-sitio-web-de-rigo-refrigeration-ahora-tambien-en-aleman\\\/\"]}]},{\"@type\":\"ImageObject\",\"inLanguage\":\"es\",\"@id\":\"https:\\\/\\\/derigorefrigeration.com\\\/es\\\/noticias\\\/el-sitio-web-de-rigo-refrigeration-ahora-tambien-en-aleman\\\/#primaryimage\",\"url\":\"https:\\\/\\\/derigorefrigeration.com\\\/wp-content\\\/uploads\\\/2024\\\/02\\\/Lancio-sito-DE-news.jpg\",\"contentUrl\":\"https:\\\/\\\/derigorefrigeration.com\\\/wp-content\\\/uploads\\\/2024\\\/02\\\/Lancio-sito-DE-news.jpg\",\"width\":1280,\"height\":823,\"caption\":\"Lancio-sito-DE-news\"},{\"@type\":\"BreadcrumbList\",\"@id\":\"https:\\\/\\\/derigorefrigeration.com\\\/es\\\/noticias\\\/el-sitio-web-de-rigo-refrigeration-ahora-tambien-en-aleman\\\/#breadcrumb\",\"itemListElement\":[{\"@type\":\"ListItem\",\"position\":1,\"name\":\"Home\",\"item\":\"https:\\\/\\\/derigorefrigeration.com\\\/es\\\/\"},{\"@type\":\"ListItem\",\"position\":2,\"name\":\"\u00a1El sitio web De Rigo Refrigeration ahora tambi\u00e9n en alem\u00e1n!\"}]},{\"@type\":\"WebSite\",\"@id\":\"https:\\\/\\\/derigorefrigeration.com\\\/es\\\/#website\",\"url\":\"https:\\\/\\\/derigorefrigeration.com\\\/es\\\/\",\"name\":\"De Rigo Refrigeration\",\"description\":\"Somos fabricantes de mandos a distancia, complementos, c\u00e1maras frigor\u00edficas y unidades de refrigeraci\u00f3n desde hace m\u00e1s de 50 a\u00f1os.\",\"publisher\":{\"@id\":\"https:\\\/\\\/derigorefrigeration.com\\\/es\\\/#organization\"},\"alternateName\":\"DRR\",\"potentialAction\":[{\"@type\":\"SearchAction\",\"target\":{\"@type\":\"EntryPoint\",\"urlTemplate\":\"https:\\\/\\\/derigorefrigeration.com\\\/es\\\/?s={search_term_string}\"},\"query-input\":{\"@type\":\"PropertyValueSpecification\",\"valueRequired\":true,\"valueName\":\"search_term_string\"}}],\"inLanguage\":\"es\"},{\"@type\":\"Organization\",\"@id\":\"https:\\\/\\\/derigorefrigeration.com\\\/es\\\/#organization\",\"name\":\"De Rigo Refrigeration\",\"url\":\"https:\\\/\\\/derigorefrigeration.com\\\/es\\\/\",\"logo\":{\"@type\":\"ImageObject\",\"inLanguage\":\"es\",\"@id\":\"https:\\\/\\\/derigorefrigeration.com\\\/es\\\/#\\\/schema\\\/logo\\\/image\\\/\",\"url\":\"https:\\\/\\\/derigorefrigeration.com\\\/wp-content\\\/uploads\\\/2023\\\/11\\\/logo_de_rigo.svg\",\"contentUrl\":\"https:\\\/\\\/derigorefrigeration.com\\\/wp-content\\\/uploads\\\/2023\\\/11\\\/logo_de_rigo.svg\",\"width\":265,\"height\":56,\"caption\":\"De Rigo Refrigeration\"},\"image\":{\"@id\":\"https:\\\/\\\/derigorefrigeration.com\\\/es\\\/#\\\/schema\\\/logo\\\/image\\\/\"}},{\"@type\":\"Person\",\"@id\":\"https:\\\/\\\/derigorefrigeration.com\\\/es\\\/#\\\/schema\\\/person\\\/5925364b82d1760a027fd2e399486632\",\"name\":\"drrwkp\",\"sameAs\":[\"https:\\\/\\\/beaverlab.com\"],\"url\":\"https:\\\/\\\/derigorefrigeration.com\\\/es\\\/author\\\/drrwkp\\\/\"}]}<\/script>\n<!-- \/ Yoast SEO plugin. -->","yoast_head_json":{"title":"\u00a1El sitio web De Rigo Refrigeration ahora tambi\u00e9n en alem\u00e1n! - De Rigo Refrigeration","robots":{"index":"index","follow":"follow","max-snippet":"max-snippet:-1","max-image-preview":"max-image-preview:large","max-video-preview":"max-video-preview:-1"},"canonical":"https:\/\/derigorefrigeration.com\/es\/noticias\/el-sitio-web-de-rigo-refrigeration-ahora-tambien-en-aleman\/","og_locale":"es_ES","og_type":"article","og_title":"\u00a1El sitio web De Rigo Refrigeration ahora tambi\u00e9n en alem\u00e1n! - De Rigo Refrigeration","og_description":"Alemania, Austria y Suiza son para nosotros mercados en constante expansi\u00f3n, que nos est\u00e1n dando grandes satisfacciones. 2022 ha estado lleno de viejas y nuevas colaboraciones que se han concretizado en atractivos puntos de venta con muebles refrigerados De Rigo, y ya hay nuevos proyectos en preparaci\u00f3n para 2023 ...","og_url":"https:\/\/derigorefrigeration.com\/es\/noticias\/el-sitio-web-de-rigo-refrigeration-ahora-tambien-en-aleman\/","og_site_name":"De Rigo Refrigeration","article_published_time":"2022-10-05T22:00:00+00:00","og_image":[{"width":1280,"height":823,"url":"https:\/\/derigorefrigeration.com\/wp-content\/uploads\/2024\/02\/Lancio-sito-DE-news.jpg","type":"image\/jpeg"}],"author":"drrwkp","twitter_card":"summary_large_image","twitter_misc":{"Escrito por":"drrwkp","Tiempo de lectura":"1 minuto"},"schema":{"@context":"https:\/\/schema.org","@graph":[{"@type":"Article","@id":"https:\/\/derigorefrigeration.com\/es\/noticias\/el-sitio-web-de-rigo-refrigeration-ahora-tambien-en-aleman\/#article","isPartOf":{"@id":"https:\/\/derigorefrigeration.com\/es\/noticias\/el-sitio-web-de-rigo-refrigeration-ahora-tambien-en-aleman\/"},"author":{"name":"drrwkp","@id":"https:\/\/derigorefrigeration.com\/es\/#\/schema\/person\/5925364b82d1760a027fd2e399486632"},"headline":"\u00a1El sitio web De Rigo Refrigeration ahora tambi\u00e9n en alem\u00e1n!","datePublished":"2022-10-05T22:00:00+00:00","mainEntityOfPage":{"@id":"https:\/\/derigorefrigeration.com\/es\/noticias\/el-sitio-web-de-rigo-refrigeration-ahora-tambien-en-aleman\/"},"wordCount":221,"publisher":{"@id":"https:\/\/derigorefrigeration.com\/es\/#organization"},"image":{"@id":"https:\/\/derigorefrigeration.com\/es\/noticias\/el-sitio-web-de-rigo-refrigeration-ahora-tambien-en-aleman\/#primaryimage"},"thumbnailUrl":"https:\/\/derigorefrigeration.com\/wp-content\/uploads\/2024\/02\/Lancio-sito-DE-news.jpg","articleSection":["Noticias"],"inLanguage":"es"},{"@type":"WebPage","@id":"https:\/\/derigorefrigeration.com\/es\/noticias\/el-sitio-web-de-rigo-refrigeration-ahora-tambien-en-aleman\/","url":"https:\/\/derigorefrigeration.com\/es\/noticias\/el-sitio-web-de-rigo-refrigeration-ahora-tambien-en-aleman\/","name":"\u00a1El sitio web De Rigo Refrigeration ahora tambi\u00e9n en alem\u00e1n! - De Rigo Refrigeration","isPartOf":{"@id":"https:\/\/derigorefrigeration.com\/es\/#website"},"primaryImageOfPage":{"@id":"https:\/\/derigorefrigeration.com\/es\/noticias\/el-sitio-web-de-rigo-refrigeration-ahora-tambien-en-aleman\/#primaryimage"},"image":{"@id":"https:\/\/derigorefrigeration.com\/es\/noticias\/el-sitio-web-de-rigo-refrigeration-ahora-tambien-en-aleman\/#primaryimage"},"thumbnailUrl":"https:\/\/derigorefrigeration.com\/wp-content\/uploads\/2024\/02\/Lancio-sito-DE-news.jpg","datePublished":"2022-10-05T22:00:00+00:00","breadcrumb":{"@id":"https:\/\/derigorefrigeration.com\/es\/noticias\/el-sitio-web-de-rigo-refrigeration-ahora-tambien-en-aleman\/#breadcrumb"},"inLanguage":"es","potentialAction":[{"@type":"ReadAction","target":["https:\/\/derigorefrigeration.com\/es\/noticias\/el-sitio-web-de-rigo-refrigeration-ahora-tambien-en-aleman\/"]}]},{"@type":"ImageObject","inLanguage":"es","@id":"https:\/\/derigorefrigeration.com\/es\/noticias\/el-sitio-web-de-rigo-refrigeration-ahora-tambien-en-aleman\/#primaryimage","url":"https:\/\/derigorefrigeration.com\/wp-content\/uploads\/2024\/02\/Lancio-sito-DE-news.jpg","contentUrl":"https:\/\/derigorefrigeration.com\/wp-content\/uploads\/2024\/02\/Lancio-sito-DE-news.jpg","width":1280,"height":823,"caption":"Lancio-sito-DE-news"},{"@type":"BreadcrumbList","@id":"https:\/\/derigorefrigeration.com\/es\/noticias\/el-sitio-web-de-rigo-refrigeration-ahora-tambien-en-aleman\/#breadcrumb","itemListElement":[{"@type":"ListItem","position":1,"name":"Home","item":"https:\/\/derigorefrigeration.com\/es\/"},{"@type":"ListItem","position":2,"name":"\u00a1El sitio web De Rigo Refrigeration ahora tambi\u00e9n en alem\u00e1n!"}]},{"@type":"WebSite","@id":"https:\/\/derigorefrigeration.com\/es\/#website","url":"https:\/\/derigorefrigeration.com\/es\/","name":"De Rigo Refrigeration","description":"Somos fabricantes de mandos a distancia, complementos, c\u00e1maras frigor\u00edficas y unidades de refrigeraci\u00f3n desde hace m\u00e1s de 50 a\u00f1os.","publisher":{"@id":"https:\/\/derigorefrigeration.com\/es\/#organization"},"alternateName":"DRR","potentialAction":[{"@type":"SearchAction","target":{"@type":"EntryPoint","urlTemplate":"https:\/\/derigorefrigeration.com\/es\/?s={search_term_string}"},"query-input":{"@type":"PropertyValueSpecification","valueRequired":true,"valueName":"search_term_string"}}],"inLanguage":"es"},{"@type":"Organization","@id":"https:\/\/derigorefrigeration.com\/es\/#organization","name":"De Rigo Refrigeration","url":"https:\/\/derigorefrigeration.com\/es\/","logo":{"@type":"ImageObject","inLanguage":"es","@id":"https:\/\/derigorefrigeration.com\/es\/#\/schema\/logo\/image\/","url":"https:\/\/derigorefrigeration.com\/wp-content\/uploads\/2023\/11\/logo_de_rigo.svg","contentUrl":"https:\/\/derigorefrigeration.com\/wp-content\/uploads\/2023\/11\/logo_de_rigo.svg","width":265,"height":56,"caption":"De Rigo Refrigeration"},"image":{"@id":"https:\/\/derigorefrigeration.com\/es\/#\/schema\/logo\/image\/"}},{"@type":"Person","@id":"https:\/\/derigorefrigeration.com\/es\/#\/schema\/person\/5925364b82d1760a027fd2e399486632","name":"drrwkp","sameAs":["https:\/\/beaverlab.com"],"url":"https:\/\/derigorefrigeration.com\/es\/author\/drrwkp\/"}]}},"_links":{"self":[{"href":"https:\/\/derigorefrigeration.com\/es\/wp-json\/wp\/v2\/posts\/94006","targetHints":{"allow":["GET"]}}],"collection":[{"href":"https:\/\/derigorefrigeration.com\/es\/wp-json\/wp\/v2\/posts"}],"about":[{"href":"https:\/\/derigorefrigeration.com\/es\/wp-json\/wp\/v2\/types\/post"}],"author":[{"embeddable":true,"href":"https:\/\/derigorefrigeration.com\/es\/wp-json\/wp\/v2\/users\/1"}],"replies":[{"embeddable":true,"href":"https:\/\/derigorefrigeration.com\/es\/wp-json\/wp\/v2\/comments?post=94006"}],"version-history":[{"count":0,"href":"https:\/\/derigorefrigeration.com\/es\/wp-json\/wp\/v2\/posts\/94006\/revisions"}],"wp:featuredmedia":[{"embeddable":true,"href":"https:\/\/derigorefrigeration.com\/es\/wp-json\/wp\/v2\/media\/24002"}],"wp:attachment":[{"href":"https:\/\/derigorefrigeration.com\/es\/wp-json\/wp\/v2\/media?parent=94006"}],"wp:term":[{"taxonomy":"category","embeddable":true,"href":"https:\/\/derigorefrigeration.com\/es\/wp-json\/wp\/v2\/categories?post=94006"},{"taxonomy":"post_tag","embeddable":true,"href":"https:\/\/derigorefrigeration.com\/es\/wp-json\/wp\/v2\/tags?post=94006"},{"taxonomy":"location","embeddable":true,"href":"https:\/\/derigorefrigeration.com\/es\/wp-json\/wp\/v2\/location?post=94006"}],"curies":[{"name":"wp","href":"https:\/\/api.w.org\/{rel}","templated":true}]}}