{"id":94191,"date":"2023-02-27T00:00:00","date_gmt":"2023-02-26T23:00:00","guid":{"rendered":"https:\/\/derigorefrigeration.com\/2023\/02\/27\/euroshop-2023-giorno-2-4\/"},"modified":"2023-02-27T00:00:00","modified_gmt":"2023-02-26T23:00:00","slug":"euroshop-2023-giorno-2-4","status":"publish","type":"post","link":"https:\/\/derigorefrigeration.com\/es\/noticias\/euroshop-2023-giorno-2-4\/","title":{"rendered":"EUROSHOP 2023 &#8211; D\u00eda 2"},"content":{"rendered":"<p>Durante la primera jornada de Euroshop 2023 acudieron numerosos visitantes a nuestro stand.<br \/>\nHubo un gran inter\u00e9s por los productos y las soluciones que ha desarrollado nuestra I+D.<br \/>\nEl equipo de De Rigo Refrigeraci\u00f3n le espera para mostrarle todas las ventajas de la \u00faltima generaci\u00f3n de vitrinas refrigeradas para el mundo del supermercado, \u00a1todo en nombre del ahorro energ\u00e9tico!<br \/>\nSaludo del director general de De Rigo Refrigeration, Paolo Zenatto, en la inauguraci\u00f3n del evento.<\/p>\n","protected":false},"excerpt":{"rendered":"<p>Durante la primera jornada de Euroshop 2023 acudieron numerosos visitantes a nuestro stand.<br \/>\nSaludo del director general de De Rigo Refrigeration, Paolo Zenatto, en la inauguraci\u00f3n del evento.<\/p>\n","protected":false},"author":1,"featured_media":23982,"comment_status":"","ping_status":"","sticky":false,"template":"","format":"standard","meta":{"_acf_changed":false,"footnotes":""},"categories":[630],"tags":[],"location":[],"class_list":["post-94191","post","type-post","status-publish","format-standard","has-post-thumbnail","hentry","category-noticias"],"acf":[],"yoast_head":"<!-- This site is optimized with the Yoast SEO plugin v27.3 - https:\/\/yoast.com\/product\/yoast-seo-wordpress\/ -->\n<title>EUROSHOP 2023 - D\u00eda 2 - De Rigo Refrigeration<\/title>\n<meta name=\"robots\" content=\"index, follow, max-snippet:-1, max-image-preview:large, max-video-preview:-1\" \/>\n<link rel=\"canonical\" href=\"https:\/\/derigorefrigeration.com\/es\/noticias\/euroshop-2023-giorno-2-4\/\" \/>\n<meta property=\"og:locale\" content=\"es_ES\" \/>\n<meta property=\"og:type\" content=\"article\" \/>\n<meta property=\"og:title\" content=\"EUROSHOP 2023 - D\u00eda 2 - De Rigo Refrigeration\" \/>\n<meta property=\"og:description\" content=\"Durante la primera jornada de Euroshop 2023 acudieron numerosos visitantes a nuestro stand. Saludo del director general de De Rigo Refrigeration, Paolo Zenatto, en la inauguraci\u00f3n del evento.\" \/>\n<meta property=\"og:url\" content=\"https:\/\/derigorefrigeration.com\/es\/noticias\/euroshop-2023-giorno-2-4\/\" \/>\n<meta property=\"og:site_name\" content=\"De Rigo Refrigeration\" \/>\n<meta property=\"article:published_time\" content=\"2023-02-26T23:00:00+00:00\" \/>\n<meta property=\"og:image\" content=\"https:\/\/derigorefrigeration.com\/wp-content\/uploads\/2024\/02\/ZENATTO-POST.jpg\" \/>\n\t<meta property=\"og:image:width\" content=\"1280\" \/>\n\t<meta property=\"og:image:height\" content=\"823\" \/>\n\t<meta property=\"og:image:type\" content=\"image\/jpeg\" \/>\n<meta name=\"author\" content=\"drrwkp\" \/>\n<meta name=\"twitter:card\" content=\"summary_large_image\" \/>\n<meta name=\"twitter:label1\" content=\"Escrito por\" \/>\n\t<meta name=\"twitter:data1\" content=\"drrwkp\" \/>\n<script type=\"application\/ld+json\" class=\"yoast-schema-graph\">{\"@context\":\"https:\\\/\\\/schema.org\",\"@graph\":[{\"@type\":\"Article\",\"@id\":\"https:\\\/\\\/derigorefrigeration.com\\\/es\\\/noticias\\\/euroshop-2023-giorno-2-4\\\/#article\",\"isPartOf\":{\"@id\":\"https:\\\/\\\/derigorefrigeration.com\\\/es\\\/noticias\\\/euroshop-2023-giorno-2-4\\\/\"},\"author\":{\"name\":\"drrwkp\",\"@id\":\"https:\\\/\\\/derigorefrigeration.com\\\/es\\\/#\\\/schema\\\/person\\\/5925364b82d1760a027fd2e399486632\"},\"headline\":\"EUROSHOP 2023 &#8211; D\u00eda 2\",\"datePublished\":\"2023-02-26T23:00:00+00:00\",\"mainEntityOfPage\":{\"@id\":\"https:\\\/\\\/derigorefrigeration.com\\\/es\\\/noticias\\\/euroshop-2023-giorno-2-4\\\/\"},\"wordCount\":83,\"publisher\":{\"@id\":\"https:\\\/\\\/derigorefrigeration.com\\\/es\\\/#organization\"},\"image\":{\"@id\":\"https:\\\/\\\/derigorefrigeration.com\\\/es\\\/noticias\\\/euroshop-2023-giorno-2-4\\\/#primaryimage\"},\"thumbnailUrl\":\"https:\\\/\\\/derigorefrigeration.com\\\/wp-content\\\/uploads\\\/2024\\\/02\\\/ZENATTO-POST.jpg\",\"articleSection\":[\"Noticias\"],\"inLanguage\":\"es\"},{\"@type\":\"WebPage\",\"@id\":\"https:\\\/\\\/derigorefrigeration.com\\\/es\\\/noticias\\\/euroshop-2023-giorno-2-4\\\/\",\"url\":\"https:\\\/\\\/derigorefrigeration.com\\\/es\\\/noticias\\\/euroshop-2023-giorno-2-4\\\/\",\"name\":\"EUROSHOP 2023 - D\u00eda 2 - De Rigo Refrigeration\",\"isPartOf\":{\"@id\":\"https:\\\/\\\/derigorefrigeration.com\\\/es\\\/#website\"},\"primaryImageOfPage\":{\"@id\":\"https:\\\/\\\/derigorefrigeration.com\\\/es\\\/noticias\\\/euroshop-2023-giorno-2-4\\\/#primaryimage\"},\"image\":{\"@id\":\"https:\\\/\\\/derigorefrigeration.com\\\/es\\\/noticias\\\/euroshop-2023-giorno-2-4\\\/#primaryimage\"},\"thumbnailUrl\":\"https:\\\/\\\/derigorefrigeration.com\\\/wp-content\\\/uploads\\\/2024\\\/02\\\/ZENATTO-POST.jpg\",\"datePublished\":\"2023-02-26T23:00:00+00:00\",\"breadcrumb\":{\"@id\":\"https:\\\/\\\/derigorefrigeration.com\\\/es\\\/noticias\\\/euroshop-2023-giorno-2-4\\\/#breadcrumb\"},\"inLanguage\":\"es\",\"potentialAction\":[{\"@type\":\"ReadAction\",\"target\":[\"https:\\\/\\\/derigorefrigeration.com\\\/es\\\/noticias\\\/euroshop-2023-giorno-2-4\\\/\"]}]},{\"@type\":\"ImageObject\",\"inLanguage\":\"es\",\"@id\":\"https:\\\/\\\/derigorefrigeration.com\\\/es\\\/noticias\\\/euroshop-2023-giorno-2-4\\\/#primaryimage\",\"url\":\"https:\\\/\\\/derigorefrigeration.com\\\/wp-content\\\/uploads\\\/2024\\\/02\\\/ZENATTO-POST.jpg\",\"contentUrl\":\"https:\\\/\\\/derigorefrigeration.com\\\/wp-content\\\/uploads\\\/2024\\\/02\\\/ZENATTO-POST.jpg\",\"width\":1280,\"height\":823,\"caption\":\"ZENATTO-POST\"},{\"@type\":\"BreadcrumbList\",\"@id\":\"https:\\\/\\\/derigorefrigeration.com\\\/es\\\/noticias\\\/euroshop-2023-giorno-2-4\\\/#breadcrumb\",\"itemListElement\":[{\"@type\":\"ListItem\",\"position\":1,\"name\":\"Home\",\"item\":\"https:\\\/\\\/derigorefrigeration.com\\\/es\\\/\"},{\"@type\":\"ListItem\",\"position\":2,\"name\":\"EUROSHOP 2023 &#8211; D\u00eda 2\"}]},{\"@type\":\"WebSite\",\"@id\":\"https:\\\/\\\/derigorefrigeration.com\\\/es\\\/#website\",\"url\":\"https:\\\/\\\/derigorefrigeration.com\\\/es\\\/\",\"name\":\"De Rigo Refrigeration\",\"description\":\"Somos fabricantes de mandos a distancia, complementos, c\u00e1maras frigor\u00edficas y unidades de refrigeraci\u00f3n desde hace m\u00e1s de 50 a\u00f1os.\",\"publisher\":{\"@id\":\"https:\\\/\\\/derigorefrigeration.com\\\/es\\\/#organization\"},\"alternateName\":\"DRR\",\"potentialAction\":[{\"@type\":\"SearchAction\",\"target\":{\"@type\":\"EntryPoint\",\"urlTemplate\":\"https:\\\/\\\/derigorefrigeration.com\\\/es\\\/?s={search_term_string}\"},\"query-input\":{\"@type\":\"PropertyValueSpecification\",\"valueRequired\":true,\"valueName\":\"search_term_string\"}}],\"inLanguage\":\"es\"},{\"@type\":\"Organization\",\"@id\":\"https:\\\/\\\/derigorefrigeration.com\\\/es\\\/#organization\",\"name\":\"De Rigo Refrigeration\",\"url\":\"https:\\\/\\\/derigorefrigeration.com\\\/es\\\/\",\"logo\":{\"@type\":\"ImageObject\",\"inLanguage\":\"es\",\"@id\":\"https:\\\/\\\/derigorefrigeration.com\\\/es\\\/#\\\/schema\\\/logo\\\/image\\\/\",\"url\":\"https:\\\/\\\/derigorefrigeration.com\\\/wp-content\\\/uploads\\\/2023\\\/11\\\/logo_de_rigo.svg\",\"contentUrl\":\"https:\\\/\\\/derigorefrigeration.com\\\/wp-content\\\/uploads\\\/2023\\\/11\\\/logo_de_rigo.svg\",\"width\":265,\"height\":56,\"caption\":\"De Rigo Refrigeration\"},\"image\":{\"@id\":\"https:\\\/\\\/derigorefrigeration.com\\\/es\\\/#\\\/schema\\\/logo\\\/image\\\/\"}},{\"@type\":\"Person\",\"@id\":\"https:\\\/\\\/derigorefrigeration.com\\\/es\\\/#\\\/schema\\\/person\\\/5925364b82d1760a027fd2e399486632\",\"name\":\"drrwkp\",\"sameAs\":[\"https:\\\/\\\/beaverlab.com\"],\"url\":\"https:\\\/\\\/derigorefrigeration.com\\\/es\\\/author\\\/drrwkp\\\/\"}]}<\/script>\n<!-- \/ Yoast SEO plugin. -->","yoast_head_json":{"title":"EUROSHOP 2023 - D\u00eda 2 - De Rigo Refrigeration","robots":{"index":"index","follow":"follow","max-snippet":"max-snippet:-1","max-image-preview":"max-image-preview:large","max-video-preview":"max-video-preview:-1"},"canonical":"https:\/\/derigorefrigeration.com\/es\/noticias\/euroshop-2023-giorno-2-4\/","og_locale":"es_ES","og_type":"article","og_title":"EUROSHOP 2023 - D\u00eda 2 - De Rigo Refrigeration","og_description":"Durante la primera jornada de Euroshop 2023 acudieron numerosos visitantes a nuestro stand. Saludo del director general de De Rigo Refrigeration, Paolo Zenatto, en la inauguraci\u00f3n del evento.","og_url":"https:\/\/derigorefrigeration.com\/es\/noticias\/euroshop-2023-giorno-2-4\/","og_site_name":"De Rigo Refrigeration","article_published_time":"2023-02-26T23:00:00+00:00","og_image":[{"width":1280,"height":823,"url":"https:\/\/derigorefrigeration.com\/wp-content\/uploads\/2024\/02\/ZENATTO-POST.jpg","type":"image\/jpeg"}],"author":"drrwkp","twitter_card":"summary_large_image","twitter_misc":{"Escrito por":"drrwkp"},"schema":{"@context":"https:\/\/schema.org","@graph":[{"@type":"Article","@id":"https:\/\/derigorefrigeration.com\/es\/noticias\/euroshop-2023-giorno-2-4\/#article","isPartOf":{"@id":"https:\/\/derigorefrigeration.com\/es\/noticias\/euroshop-2023-giorno-2-4\/"},"author":{"name":"drrwkp","@id":"https:\/\/derigorefrigeration.com\/es\/#\/schema\/person\/5925364b82d1760a027fd2e399486632"},"headline":"EUROSHOP 2023 &#8211; D\u00eda 2","datePublished":"2023-02-26T23:00:00+00:00","mainEntityOfPage":{"@id":"https:\/\/derigorefrigeration.com\/es\/noticias\/euroshop-2023-giorno-2-4\/"},"wordCount":83,"publisher":{"@id":"https:\/\/derigorefrigeration.com\/es\/#organization"},"image":{"@id":"https:\/\/derigorefrigeration.com\/es\/noticias\/euroshop-2023-giorno-2-4\/#primaryimage"},"thumbnailUrl":"https:\/\/derigorefrigeration.com\/wp-content\/uploads\/2024\/02\/ZENATTO-POST.jpg","articleSection":["Noticias"],"inLanguage":"es"},{"@type":"WebPage","@id":"https:\/\/derigorefrigeration.com\/es\/noticias\/euroshop-2023-giorno-2-4\/","url":"https:\/\/derigorefrigeration.com\/es\/noticias\/euroshop-2023-giorno-2-4\/","name":"EUROSHOP 2023 - D\u00eda 2 - De Rigo Refrigeration","isPartOf":{"@id":"https:\/\/derigorefrigeration.com\/es\/#website"},"primaryImageOfPage":{"@id":"https:\/\/derigorefrigeration.com\/es\/noticias\/euroshop-2023-giorno-2-4\/#primaryimage"},"image":{"@id":"https:\/\/derigorefrigeration.com\/es\/noticias\/euroshop-2023-giorno-2-4\/#primaryimage"},"thumbnailUrl":"https:\/\/derigorefrigeration.com\/wp-content\/uploads\/2024\/02\/ZENATTO-POST.jpg","datePublished":"2023-02-26T23:00:00+00:00","breadcrumb":{"@id":"https:\/\/derigorefrigeration.com\/es\/noticias\/euroshop-2023-giorno-2-4\/#breadcrumb"},"inLanguage":"es","potentialAction":[{"@type":"ReadAction","target":["https:\/\/derigorefrigeration.com\/es\/noticias\/euroshop-2023-giorno-2-4\/"]}]},{"@type":"ImageObject","inLanguage":"es","@id":"https:\/\/derigorefrigeration.com\/es\/noticias\/euroshop-2023-giorno-2-4\/#primaryimage","url":"https:\/\/derigorefrigeration.com\/wp-content\/uploads\/2024\/02\/ZENATTO-POST.jpg","contentUrl":"https:\/\/derigorefrigeration.com\/wp-content\/uploads\/2024\/02\/ZENATTO-POST.jpg","width":1280,"height":823,"caption":"ZENATTO-POST"},{"@type":"BreadcrumbList","@id":"https:\/\/derigorefrigeration.com\/es\/noticias\/euroshop-2023-giorno-2-4\/#breadcrumb","itemListElement":[{"@type":"ListItem","position":1,"name":"Home","item":"https:\/\/derigorefrigeration.com\/es\/"},{"@type":"ListItem","position":2,"name":"EUROSHOP 2023 &#8211; D\u00eda 2"}]},{"@type":"WebSite","@id":"https:\/\/derigorefrigeration.com\/es\/#website","url":"https:\/\/derigorefrigeration.com\/es\/","name":"De Rigo Refrigeration","description":"Somos fabricantes de mandos a distancia, complementos, c\u00e1maras frigor\u00edficas y unidades de refrigeraci\u00f3n desde hace m\u00e1s de 50 a\u00f1os.","publisher":{"@id":"https:\/\/derigorefrigeration.com\/es\/#organization"},"alternateName":"DRR","potentialAction":[{"@type":"SearchAction","target":{"@type":"EntryPoint","urlTemplate":"https:\/\/derigorefrigeration.com\/es\/?s={search_term_string}"},"query-input":{"@type":"PropertyValueSpecification","valueRequired":true,"valueName":"search_term_string"}}],"inLanguage":"es"},{"@type":"Organization","@id":"https:\/\/derigorefrigeration.com\/es\/#organization","name":"De Rigo Refrigeration","url":"https:\/\/derigorefrigeration.com\/es\/","logo":{"@type":"ImageObject","inLanguage":"es","@id":"https:\/\/derigorefrigeration.com\/es\/#\/schema\/logo\/image\/","url":"https:\/\/derigorefrigeration.com\/wp-content\/uploads\/2023\/11\/logo_de_rigo.svg","contentUrl":"https:\/\/derigorefrigeration.com\/wp-content\/uploads\/2023\/11\/logo_de_rigo.svg","width":265,"height":56,"caption":"De Rigo Refrigeration"},"image":{"@id":"https:\/\/derigorefrigeration.com\/es\/#\/schema\/logo\/image\/"}},{"@type":"Person","@id":"https:\/\/derigorefrigeration.com\/es\/#\/schema\/person\/5925364b82d1760a027fd2e399486632","name":"drrwkp","sameAs":["https:\/\/beaverlab.com"],"url":"https:\/\/derigorefrigeration.com\/es\/author\/drrwkp\/"}]}},"_links":{"self":[{"href":"https:\/\/derigorefrigeration.com\/es\/wp-json\/wp\/v2\/posts\/94191","targetHints":{"allow":["GET"]}}],"collection":[{"href":"https:\/\/derigorefrigeration.com\/es\/wp-json\/wp\/v2\/posts"}],"about":[{"href":"https:\/\/derigorefrigeration.com\/es\/wp-json\/wp\/v2\/types\/post"}],"author":[{"embeddable":true,"href":"https:\/\/derigorefrigeration.com\/es\/wp-json\/wp\/v2\/users\/1"}],"replies":[{"embeddable":true,"href":"https:\/\/derigorefrigeration.com\/es\/wp-json\/wp\/v2\/comments?post=94191"}],"version-history":[{"count":0,"href":"https:\/\/derigorefrigeration.com\/es\/wp-json\/wp\/v2\/posts\/94191\/revisions"}],"wp:featuredmedia":[{"embeddable":true,"href":"https:\/\/derigorefrigeration.com\/es\/wp-json\/wp\/v2\/media\/23982"}],"wp:attachment":[{"href":"https:\/\/derigorefrigeration.com\/es\/wp-json\/wp\/v2\/media?parent=94191"}],"wp:term":[{"taxonomy":"category","embeddable":true,"href":"https:\/\/derigorefrigeration.com\/es\/wp-json\/wp\/v2\/categories?post=94191"},{"taxonomy":"post_tag","embeddable":true,"href":"https:\/\/derigorefrigeration.com\/es\/wp-json\/wp\/v2\/tags?post=94191"},{"taxonomy":"location","embeddable":true,"href":"https:\/\/derigorefrigeration.com\/es\/wp-json\/wp\/v2\/location?post=94191"}],"curies":[{"name":"wp","href":"https:\/\/api.w.org\/{rel}","templated":true}]}}