{"id":94654,"date":"2024-12-05T00:00:00","date_gmt":"2024-12-04T23:00:00","guid":{"rendered":"https:\/\/derigorefrigeration.com\/2024\/12\/05\/se-amplia-la-gama-elba\/"},"modified":"2024-12-05T00:00:00","modified_gmt":"2024-12-04T23:00:00","slug":"se-amplia-la-gama-elba","status":"publish","type":"post","link":"https:\/\/derigorefrigeration.com\/es\/noticias\/se-amplia-la-gama-elba\/","title":{"rendered":"Se ampl\u00eda la gama ELBA"},"content":{"rendered":"<p>La gama de islas promocionales plugin ELBA, entre las mejores del mercado en eficiencia energ\u00e9tica, se ampl\u00eda con un nuevo modelo caracterizado por un precio extremadamente competitivo: ELBA LIGHT.<\/p>\n<p>El dise\u00f1o es esencial y ligero, caracter\u00edstico de la gama, ofrece amplia visibilidad del producto expuesto. La estructura es robusta pero al mismo tiempo extremadamente sencilla de mover y posicionar dentro del supermercado.<\/p>\n<p>Elba ahora est\u00e1 disponible en tres modelos y cuatro versiones:<\/p>\n<p>&#8211;\u00a0<strong>ELBA, versi\u00f3n abierta o con tapas correderas<\/strong>, para temperatura positiva, en clase clim\u00e1tica 3M1 y 3M2<br \/>\n&#8211;<strong> ELBA SW, versi\u00f3n con interruptor<\/strong>, con tapas deslizantes completamente transparentes, que puede funcionar tanto en temperatura positiva como negativa (clase clim\u00e1tica 3M1, 3M2 y 3L1)<br \/>\n&#8211;<strong> ELBA LIGHT, versi\u00f3n abierta<\/strong>, para temperatura positiva, en clase clim\u00e1tica 3M1 y 3M2<\/p>\n<p>Una gama de islas extremadamente vers\u00e1til, perfecta para zonas dedicadas a promociones o para incrementar las compras por impulso en las zonas m\u00e1s estrat\u00e9gicas de la tienda.<br \/>\n\u00a1Elige el modelo que mejor se adapta a tus necesidades!<\/p>\n","protected":false},"excerpt":{"rendered":"<p>La gama de islas promocionales plugin ELBA se ampl\u00eda con un nuevo modelo caracterizado por un precio extremadamente competitivo&#8230;<\/p>\n","protected":false},"author":1,"featured_media":91110,"comment_status":"closed","ping_status":"closed","sticky":false,"template":"","format":"standard","meta":{"_acf_changed":false,"footnotes":""},"categories":[630],"tags":[],"location":[],"class_list":["post-94654","post","type-post","status-publish","format-standard","has-post-thumbnail","hentry","category-noticias"],"acf":[],"yoast_head":"<!-- This site is optimized with the Yoast SEO plugin v27.3 - https:\/\/yoast.com\/product\/yoast-seo-wordpress\/ -->\n<title>Se ampl\u00eda la gama ELBA - De Rigo Refrigeration<\/title>\n<meta name=\"robots\" content=\"index, follow, max-snippet:-1, max-image-preview:large, max-video-preview:-1\" \/>\n<link rel=\"canonical\" href=\"https:\/\/derigorefrigeration.com\/es\/noticias\/se-amplia-la-gama-elba\/\" \/>\n<meta property=\"og:locale\" content=\"es_ES\" \/>\n<meta property=\"og:type\" content=\"article\" \/>\n<meta property=\"og:title\" content=\"Se ampl\u00eda la gama ELBA - De Rigo Refrigeration\" \/>\n<meta property=\"og:description\" content=\"La gama de islas promocionales plugin ELBA se ampl\u00eda con un nuevo modelo caracterizado por un precio extremadamente competitivo...\" \/>\n<meta property=\"og:url\" content=\"https:\/\/derigorefrigeration.com\/es\/noticias\/se-amplia-la-gama-elba\/\" \/>\n<meta property=\"og:site_name\" content=\"De Rigo Refrigeration\" \/>\n<meta property=\"article:published_time\" content=\"2024-12-04T23:00:00+00:00\" \/>\n<meta property=\"og:image\" content=\"https:\/\/derigorefrigeration.com\/wp-content\/uploads\/2025\/01\/Elba-widens-Cover.jpg\" \/>\n\t<meta property=\"og:image:width\" content=\"1920\" \/>\n\t<meta property=\"og:image:height\" content=\"1079\" \/>\n\t<meta property=\"og:image:type\" content=\"image\/jpeg\" \/>\n<meta name=\"author\" content=\"drrwkp\" \/>\n<meta name=\"twitter:card\" content=\"summary_large_image\" \/>\n<meta name=\"twitter:label1\" content=\"Escrito por\" \/>\n\t<meta name=\"twitter:data1\" content=\"drrwkp\" \/>\n\t<meta name=\"twitter:label2\" content=\"Tiempo de lectura\" \/>\n\t<meta name=\"twitter:data2\" content=\"1 minuto\" \/>\n<script type=\"application\/ld+json\" class=\"yoast-schema-graph\">{\"@context\":\"https:\\\/\\\/schema.org\",\"@graph\":[{\"@type\":\"Article\",\"@id\":\"https:\\\/\\\/derigorefrigeration.com\\\/es\\\/noticias\\\/se-amplia-la-gama-elba\\\/#article\",\"isPartOf\":{\"@id\":\"https:\\\/\\\/derigorefrigeration.com\\\/es\\\/noticias\\\/se-amplia-la-gama-elba\\\/\"},\"author\":{\"name\":\"drrwkp\",\"@id\":\"https:\\\/\\\/derigorefrigeration.com\\\/es\\\/#\\\/schema\\\/person\\\/5925364b82d1760a027fd2e399486632\"},\"headline\":\"Se ampl\u00eda la gama ELBA\",\"datePublished\":\"2024-12-04T23:00:00+00:00\",\"mainEntityOfPage\":{\"@id\":\"https:\\\/\\\/derigorefrigeration.com\\\/es\\\/noticias\\\/se-amplia-la-gama-elba\\\/\"},\"wordCount\":185,\"publisher\":{\"@id\":\"https:\\\/\\\/derigorefrigeration.com\\\/es\\\/#organization\"},\"image\":{\"@id\":\"https:\\\/\\\/derigorefrigeration.com\\\/es\\\/noticias\\\/se-amplia-la-gama-elba\\\/#primaryimage\"},\"thumbnailUrl\":\"https:\\\/\\\/derigorefrigeration.com\\\/wp-content\\\/uploads\\\/2025\\\/01\\\/Elba-widens-Cover.jpg\",\"articleSection\":[\"Noticias\"],\"inLanguage\":\"es\"},{\"@type\":\"WebPage\",\"@id\":\"https:\\\/\\\/derigorefrigeration.com\\\/es\\\/noticias\\\/se-amplia-la-gama-elba\\\/\",\"url\":\"https:\\\/\\\/derigorefrigeration.com\\\/es\\\/noticias\\\/se-amplia-la-gama-elba\\\/\",\"name\":\"Se ampl\u00eda la gama ELBA - De Rigo Refrigeration\",\"isPartOf\":{\"@id\":\"https:\\\/\\\/derigorefrigeration.com\\\/es\\\/#website\"},\"primaryImageOfPage\":{\"@id\":\"https:\\\/\\\/derigorefrigeration.com\\\/es\\\/noticias\\\/se-amplia-la-gama-elba\\\/#primaryimage\"},\"image\":{\"@id\":\"https:\\\/\\\/derigorefrigeration.com\\\/es\\\/noticias\\\/se-amplia-la-gama-elba\\\/#primaryimage\"},\"thumbnailUrl\":\"https:\\\/\\\/derigorefrigeration.com\\\/wp-content\\\/uploads\\\/2025\\\/01\\\/Elba-widens-Cover.jpg\",\"datePublished\":\"2024-12-04T23:00:00+00:00\",\"breadcrumb\":{\"@id\":\"https:\\\/\\\/derigorefrigeration.com\\\/es\\\/noticias\\\/se-amplia-la-gama-elba\\\/#breadcrumb\"},\"inLanguage\":\"es\",\"potentialAction\":[{\"@type\":\"ReadAction\",\"target\":[\"https:\\\/\\\/derigorefrigeration.com\\\/es\\\/noticias\\\/se-amplia-la-gama-elba\\\/\"]}]},{\"@type\":\"ImageObject\",\"inLanguage\":\"es\",\"@id\":\"https:\\\/\\\/derigorefrigeration.com\\\/es\\\/noticias\\\/se-amplia-la-gama-elba\\\/#primaryimage\",\"url\":\"https:\\\/\\\/derigorefrigeration.com\\\/wp-content\\\/uploads\\\/2025\\\/01\\\/Elba-widens-Cover.jpg\",\"contentUrl\":\"https:\\\/\\\/derigorefrigeration.com\\\/wp-content\\\/uploads\\\/2025\\\/01\\\/Elba-widens-Cover.jpg\",\"width\":1920,\"height\":1079,\"caption\":\"Elba widens-Cover\"},{\"@type\":\"BreadcrumbList\",\"@id\":\"https:\\\/\\\/derigorefrigeration.com\\\/es\\\/noticias\\\/se-amplia-la-gama-elba\\\/#breadcrumb\",\"itemListElement\":[{\"@type\":\"ListItem\",\"position\":1,\"name\":\"Home\",\"item\":\"https:\\\/\\\/derigorefrigeration.com\\\/es\\\/\"},{\"@type\":\"ListItem\",\"position\":2,\"name\":\"Se ampl\u00eda la gama ELBA\"}]},{\"@type\":\"WebSite\",\"@id\":\"https:\\\/\\\/derigorefrigeration.com\\\/es\\\/#website\",\"url\":\"https:\\\/\\\/derigorefrigeration.com\\\/es\\\/\",\"name\":\"De Rigo Refrigeration\",\"description\":\"Somos fabricantes de mandos a distancia, complementos, c\u00e1maras frigor\u00edficas y unidades de refrigeraci\u00f3n desde hace m\u00e1s de 50 a\u00f1os.\",\"publisher\":{\"@id\":\"https:\\\/\\\/derigorefrigeration.com\\\/es\\\/#organization\"},\"alternateName\":\"DRR\",\"potentialAction\":[{\"@type\":\"SearchAction\",\"target\":{\"@type\":\"EntryPoint\",\"urlTemplate\":\"https:\\\/\\\/derigorefrigeration.com\\\/es\\\/?s={search_term_string}\"},\"query-input\":{\"@type\":\"PropertyValueSpecification\",\"valueRequired\":true,\"valueName\":\"search_term_string\"}}],\"inLanguage\":\"es\"},{\"@type\":\"Organization\",\"@id\":\"https:\\\/\\\/derigorefrigeration.com\\\/es\\\/#organization\",\"name\":\"De Rigo Refrigeration\",\"url\":\"https:\\\/\\\/derigorefrigeration.com\\\/es\\\/\",\"logo\":{\"@type\":\"ImageObject\",\"inLanguage\":\"es\",\"@id\":\"https:\\\/\\\/derigorefrigeration.com\\\/es\\\/#\\\/schema\\\/logo\\\/image\\\/\",\"url\":\"https:\\\/\\\/derigorefrigeration.com\\\/wp-content\\\/uploads\\\/2023\\\/11\\\/logo_de_rigo.svg\",\"contentUrl\":\"https:\\\/\\\/derigorefrigeration.com\\\/wp-content\\\/uploads\\\/2023\\\/11\\\/logo_de_rigo.svg\",\"width\":265,\"height\":56,\"caption\":\"De Rigo Refrigeration\"},\"image\":{\"@id\":\"https:\\\/\\\/derigorefrigeration.com\\\/es\\\/#\\\/schema\\\/logo\\\/image\\\/\"}},{\"@type\":\"Person\",\"@id\":\"https:\\\/\\\/derigorefrigeration.com\\\/es\\\/#\\\/schema\\\/person\\\/5925364b82d1760a027fd2e399486632\",\"name\":\"drrwkp\",\"sameAs\":[\"https:\\\/\\\/beaverlab.com\"],\"url\":\"https:\\\/\\\/derigorefrigeration.com\\\/es\\\/author\\\/drrwkp\\\/\"}]}<\/script>\n<!-- \/ Yoast SEO plugin. -->","yoast_head_json":{"title":"Se ampl\u00eda la gama ELBA - De Rigo Refrigeration","robots":{"index":"index","follow":"follow","max-snippet":"max-snippet:-1","max-image-preview":"max-image-preview:large","max-video-preview":"max-video-preview:-1"},"canonical":"https:\/\/derigorefrigeration.com\/es\/noticias\/se-amplia-la-gama-elba\/","og_locale":"es_ES","og_type":"article","og_title":"Se ampl\u00eda la gama ELBA - De Rigo Refrigeration","og_description":"La gama de islas promocionales plugin ELBA se ampl\u00eda con un nuevo modelo caracterizado por un precio extremadamente competitivo...","og_url":"https:\/\/derigorefrigeration.com\/es\/noticias\/se-amplia-la-gama-elba\/","og_site_name":"De Rigo Refrigeration","article_published_time":"2024-12-04T23:00:00+00:00","og_image":[{"width":1920,"height":1079,"url":"https:\/\/derigorefrigeration.com\/wp-content\/uploads\/2025\/01\/Elba-widens-Cover.jpg","type":"image\/jpeg"}],"author":"drrwkp","twitter_card":"summary_large_image","twitter_misc":{"Escrito por":"drrwkp","Tiempo de lectura":"1 minuto"},"schema":{"@context":"https:\/\/schema.org","@graph":[{"@type":"Article","@id":"https:\/\/derigorefrigeration.com\/es\/noticias\/se-amplia-la-gama-elba\/#article","isPartOf":{"@id":"https:\/\/derigorefrigeration.com\/es\/noticias\/se-amplia-la-gama-elba\/"},"author":{"name":"drrwkp","@id":"https:\/\/derigorefrigeration.com\/es\/#\/schema\/person\/5925364b82d1760a027fd2e399486632"},"headline":"Se ampl\u00eda la gama ELBA","datePublished":"2024-12-04T23:00:00+00:00","mainEntityOfPage":{"@id":"https:\/\/derigorefrigeration.com\/es\/noticias\/se-amplia-la-gama-elba\/"},"wordCount":185,"publisher":{"@id":"https:\/\/derigorefrigeration.com\/es\/#organization"},"image":{"@id":"https:\/\/derigorefrigeration.com\/es\/noticias\/se-amplia-la-gama-elba\/#primaryimage"},"thumbnailUrl":"https:\/\/derigorefrigeration.com\/wp-content\/uploads\/2025\/01\/Elba-widens-Cover.jpg","articleSection":["Noticias"],"inLanguage":"es"},{"@type":"WebPage","@id":"https:\/\/derigorefrigeration.com\/es\/noticias\/se-amplia-la-gama-elba\/","url":"https:\/\/derigorefrigeration.com\/es\/noticias\/se-amplia-la-gama-elba\/","name":"Se ampl\u00eda la gama ELBA - De Rigo Refrigeration","isPartOf":{"@id":"https:\/\/derigorefrigeration.com\/es\/#website"},"primaryImageOfPage":{"@id":"https:\/\/derigorefrigeration.com\/es\/noticias\/se-amplia-la-gama-elba\/#primaryimage"},"image":{"@id":"https:\/\/derigorefrigeration.com\/es\/noticias\/se-amplia-la-gama-elba\/#primaryimage"},"thumbnailUrl":"https:\/\/derigorefrigeration.com\/wp-content\/uploads\/2025\/01\/Elba-widens-Cover.jpg","datePublished":"2024-12-04T23:00:00+00:00","breadcrumb":{"@id":"https:\/\/derigorefrigeration.com\/es\/noticias\/se-amplia-la-gama-elba\/#breadcrumb"},"inLanguage":"es","potentialAction":[{"@type":"ReadAction","target":["https:\/\/derigorefrigeration.com\/es\/noticias\/se-amplia-la-gama-elba\/"]}]},{"@type":"ImageObject","inLanguage":"es","@id":"https:\/\/derigorefrigeration.com\/es\/noticias\/se-amplia-la-gama-elba\/#primaryimage","url":"https:\/\/derigorefrigeration.com\/wp-content\/uploads\/2025\/01\/Elba-widens-Cover.jpg","contentUrl":"https:\/\/derigorefrigeration.com\/wp-content\/uploads\/2025\/01\/Elba-widens-Cover.jpg","width":1920,"height":1079,"caption":"Elba widens-Cover"},{"@type":"BreadcrumbList","@id":"https:\/\/derigorefrigeration.com\/es\/noticias\/se-amplia-la-gama-elba\/#breadcrumb","itemListElement":[{"@type":"ListItem","position":1,"name":"Home","item":"https:\/\/derigorefrigeration.com\/es\/"},{"@type":"ListItem","position":2,"name":"Se ampl\u00eda la gama ELBA"}]},{"@type":"WebSite","@id":"https:\/\/derigorefrigeration.com\/es\/#website","url":"https:\/\/derigorefrigeration.com\/es\/","name":"De Rigo Refrigeration","description":"Somos fabricantes de mandos a distancia, complementos, c\u00e1maras frigor\u00edficas y unidades de refrigeraci\u00f3n desde hace m\u00e1s de 50 a\u00f1os.","publisher":{"@id":"https:\/\/derigorefrigeration.com\/es\/#organization"},"alternateName":"DRR","potentialAction":[{"@type":"SearchAction","target":{"@type":"EntryPoint","urlTemplate":"https:\/\/derigorefrigeration.com\/es\/?s={search_term_string}"},"query-input":{"@type":"PropertyValueSpecification","valueRequired":true,"valueName":"search_term_string"}}],"inLanguage":"es"},{"@type":"Organization","@id":"https:\/\/derigorefrigeration.com\/es\/#organization","name":"De Rigo Refrigeration","url":"https:\/\/derigorefrigeration.com\/es\/","logo":{"@type":"ImageObject","inLanguage":"es","@id":"https:\/\/derigorefrigeration.com\/es\/#\/schema\/logo\/image\/","url":"https:\/\/derigorefrigeration.com\/wp-content\/uploads\/2023\/11\/logo_de_rigo.svg","contentUrl":"https:\/\/derigorefrigeration.com\/wp-content\/uploads\/2023\/11\/logo_de_rigo.svg","width":265,"height":56,"caption":"De Rigo Refrigeration"},"image":{"@id":"https:\/\/derigorefrigeration.com\/es\/#\/schema\/logo\/image\/"}},{"@type":"Person","@id":"https:\/\/derigorefrigeration.com\/es\/#\/schema\/person\/5925364b82d1760a027fd2e399486632","name":"drrwkp","sameAs":["https:\/\/beaverlab.com"],"url":"https:\/\/derigorefrigeration.com\/es\/author\/drrwkp\/"}]}},"_links":{"self":[{"href":"https:\/\/derigorefrigeration.com\/es\/wp-json\/wp\/v2\/posts\/94654","targetHints":{"allow":["GET"]}}],"collection":[{"href":"https:\/\/derigorefrigeration.com\/es\/wp-json\/wp\/v2\/posts"}],"about":[{"href":"https:\/\/derigorefrigeration.com\/es\/wp-json\/wp\/v2\/types\/post"}],"author":[{"embeddable":true,"href":"https:\/\/derigorefrigeration.com\/es\/wp-json\/wp\/v2\/users\/1"}],"replies":[{"embeddable":true,"href":"https:\/\/derigorefrigeration.com\/es\/wp-json\/wp\/v2\/comments?post=94654"}],"version-history":[{"count":0,"href":"https:\/\/derigorefrigeration.com\/es\/wp-json\/wp\/v2\/posts\/94654\/revisions"}],"wp:featuredmedia":[{"embeddable":true,"href":"https:\/\/derigorefrigeration.com\/es\/wp-json\/wp\/v2\/media\/91110"}],"wp:attachment":[{"href":"https:\/\/derigorefrigeration.com\/es\/wp-json\/wp\/v2\/media?parent=94654"}],"wp:term":[{"taxonomy":"category","embeddable":true,"href":"https:\/\/derigorefrigeration.com\/es\/wp-json\/wp\/v2\/categories?post=94654"},{"taxonomy":"post_tag","embeddable":true,"href":"https:\/\/derigorefrigeration.com\/es\/wp-json\/wp\/v2\/tags?post=94654"},{"taxonomy":"location","embeddable":true,"href":"https:\/\/derigorefrigeration.com\/es\/wp-json\/wp\/v2\/location?post=94654"}],"curies":[{"name":"wp","href":"https:\/\/api.w.org\/{rel}","templated":true}]}}