{"id":104781,"date":"2026-04-29T10:25:10","date_gmt":"2026-04-29T08:25:10","guid":{"rendered":"https:\/\/derigorefrigeration.com\/?p=104781"},"modified":"2026-04-29T10:25:11","modified_gmt":"2026-04-29T08:25:11","slug":"une-journee-pour-grandir-ensemble","status":"publish","type":"post","link":"https:\/\/derigorefrigeration.com\/fr\/nouvelles\/une-journee-pour-grandir-ensemble\/","title":{"rendered":"Une journ\u00e9e pour grandir ensemble"},"content":{"rendered":"\n<p>Cette ann\u00e9e encore, nous nous sommes accord\u00e9 une journ\u00e9e enti\u00e8re de pause dans notre quotidien professionnel, en quittant l\u2019entreprise pour nous retrouver dans un lieu v\u00e9ritablement remarquable, entour\u00e9 de verdure, afin de consacrer du temps \u00e0 notre d\u00e9veloppement professionnel et personnel.<br>Nous avons particip\u00e9 \u00e0 quatre <strong>parcours de formation<\/strong>, en alternant les groupes et en \u00e9changeant sur des th\u00e8mes essentiels pour notre culture d\u2019entreprise :<\/p>\n\n\n\n<p>\u2022 <strong>\u00c9galit\u00e9 entre les femmes et les hommes<\/strong>, afin de renforcer la sensibilisation et de promouvoir un environnement de travail \u00e9quitable et respectueux<br>\u2022 <strong>Cybers\u00e9curit\u00e9<\/strong>, pour prot\u00e9ger les donn\u00e9es et les informations gr\u00e2ce \u00e0 des comportements num\u00e9riques responsables<br>\u2022 <strong>La relation avec soi-m\u00eame et avec les autres<\/strong>, pour prendre soin de notre bien-\u00eatre et de nos relations personnelles et professionnelles<br>\u2022 <strong>Diversit\u00e9 et inclusion<\/strong>, enrichie par le t\u00e9moignage inspirant de Daniele Cassioli, qui nous a montr\u00e9 comment la diversit\u00e9 peut devenir une v\u00e9ritable ressource et un moteur de croissance<\/p>\n\n\n\n<p>Ce fut une journ\u00e9e riche en enseignements, en nouvelles perspectives et en r\u00e9flexions, ainsi qu\u2019une occasion importante de renforcer l\u2019esprit d\u2019\u00e9quipe. Les pauses caf\u00e9 et le d\u00e9jeuner en plein air ont favoris\u00e9 les \u00e9changes et le dialogue, rendant cette exp\u00e9rience encore plus pr\u00e9cieuse.<\/p>\n\n\n\n<p>Merci aux formateurs et \u00e0 toutes les personnes ayant particip\u00e9 avec enthousiasme et engagement.<br>Investir dans les personnes, c\u2019est construire de la valeur, aujourd\u2019hui et demain.<\/p>\n","protected":false},"excerpt":{"rendered":"<p>Cette ann\u00e9e encore, nous nous sommes accord\u00e9 une journ\u00e9e enti\u00e8re de pause dans notre quotidien professionnel, en quittant l\u2019entreprise pour nous retrouver dans un lieu v\u00e9ritablement remarquable, entour\u00e9 de verdure, afin de consacrer du temps \u00e0 notre d\u00e9veloppement professionnel et personnel.Nous avons particip\u00e9 \u00e0 quatre parcours de formation, en alternant les groupes et en \u00e9changeant [&hellip;]<\/p>\n","protected":false},"author":3,"featured_media":104786,"comment_status":"closed","ping_status":"closed","sticky":false,"template":"","format":"standard","meta":{"_acf_changed":false,"footnotes":""},"categories":[628],"tags":[],"location":[],"class_list":["post-104781","post","type-post","status-publish","format-standard","has-post-thumbnail","hentry","category-nouvelles"],"acf":[],"yoast_head":"<!-- This site is optimized with the Yoast SEO plugin v27.3 - https:\/\/yoast.com\/product\/yoast-seo-wordpress\/ -->\n<title>Une journ\u00e9e pour grandir ensemble - De Rigo Refrigeration<\/title>\n<meta name=\"robots\" content=\"index, follow, max-snippet:-1, max-image-preview:large, max-video-preview:-1\" \/>\n<link rel=\"canonical\" href=\"https:\/\/derigorefrigeration.com\/fr\/nouvelles\/une-journee-pour-grandir-ensemble\/\" \/>\n<meta property=\"og:locale\" content=\"fr_FR\" \/>\n<meta property=\"og:type\" content=\"article\" \/>\n<meta property=\"og:title\" content=\"Une journ\u00e9e pour grandir ensemble - De Rigo Refrigeration\" \/>\n<meta property=\"og:description\" content=\"Cette ann\u00e9e encore, nous nous sommes accord\u00e9 une journ\u00e9e enti\u00e8re de pause dans notre quotidien professionnel, en quittant l\u2019entreprise pour nous retrouver dans un lieu v\u00e9ritablement remarquable, entour\u00e9 de verdure, afin de consacrer du temps \u00e0 notre d\u00e9veloppement professionnel et personnel.Nous avons particip\u00e9 \u00e0 quatre parcours de formation, en alternant les groupes et en \u00e9changeant [&hellip;]\" \/>\n<meta property=\"og:url\" content=\"https:\/\/derigorefrigeration.com\/fr\/nouvelles\/une-journee-pour-grandir-ensemble\/\" \/>\n<meta property=\"og:site_name\" content=\"De Rigo Refrigeration\" \/>\n<meta property=\"article:published_time\" content=\"2026-04-29T08:25:10+00:00\" \/>\n<meta property=\"article:modified_time\" content=\"2026-04-29T08:25:11+00:00\" \/>\n<meta property=\"og:image\" content=\"https:\/\/derigorefrigeration.com\/wp-content\/uploads\/2026\/04\/formazione-DRR-IN-scaled.jpg\" \/>\n\t<meta property=\"og:image:width\" content=\"2560\" \/>\n\t<meta property=\"og:image:height\" content=\"1947\" \/>\n\t<meta property=\"og:image:type\" content=\"image\/jpeg\" \/>\n<meta name=\"author\" content=\"Valentina Nicolao\" \/>\n<meta name=\"twitter:card\" content=\"summary_large_image\" \/>\n<meta name=\"twitter:label1\" content=\"\u00c9crit par\" \/>\n\t<meta name=\"twitter:data1\" content=\"Valentina Nicolao\" \/>\n\t<meta name=\"twitter:label2\" content=\"Dur\u00e9e de lecture estim\u00e9e\" \/>\n\t<meta name=\"twitter:data2\" content=\"2 minutes\" \/>\n<script type=\"application\/ld+json\" class=\"yoast-schema-graph\">{\"@context\":\"https:\\\/\\\/schema.org\",\"@graph\":[{\"@type\":\"Article\",\"@id\":\"https:\\\/\\\/derigorefrigeration.com\\\/fr\\\/nouvelles\\\/une-journee-pour-grandir-ensemble\\\/#article\",\"isPartOf\":{\"@id\":\"https:\\\/\\\/derigorefrigeration.com\\\/fr\\\/nouvelles\\\/une-journee-pour-grandir-ensemble\\\/\"},\"author\":{\"name\":\"Valentina Nicolao\",\"@id\":\"https:\\\/\\\/derigorefrigeration.com\\\/fr\\\/#\\\/schema\\\/person\\\/814de2a13e657cc71847b9bfee6ae94c\"},\"headline\":\"Une journ\u00e9e pour grandir ensemble\",\"datePublished\":\"2026-04-29T08:25:10+00:00\",\"dateModified\":\"2026-04-29T08:25:11+00:00\",\"mainEntityOfPage\":{\"@id\":\"https:\\\/\\\/derigorefrigeration.com\\\/fr\\\/nouvelles\\\/une-journee-pour-grandir-ensemble\\\/\"},\"wordCount\":247,\"publisher\":{\"@id\":\"https:\\\/\\\/derigorefrigeration.com\\\/fr\\\/#organization\"},\"image\":{\"@id\":\"https:\\\/\\\/derigorefrigeration.com\\\/fr\\\/nouvelles\\\/une-journee-pour-grandir-ensemble\\\/#primaryimage\"},\"thumbnailUrl\":\"https:\\\/\\\/derigorefrigeration.com\\\/wp-content\\\/uploads\\\/2026\\\/04\\\/formazione-DRR-IN-scaled.jpg\",\"articleSection\":[\"Nouvelles\"],\"inLanguage\":\"fr-FR\"},{\"@type\":\"WebPage\",\"@id\":\"https:\\\/\\\/derigorefrigeration.com\\\/fr\\\/nouvelles\\\/une-journee-pour-grandir-ensemble\\\/\",\"url\":\"https:\\\/\\\/derigorefrigeration.com\\\/fr\\\/nouvelles\\\/une-journee-pour-grandir-ensemble\\\/\",\"name\":\"Une journ\u00e9e pour grandir ensemble - De Rigo Refrigeration\",\"isPartOf\":{\"@id\":\"https:\\\/\\\/derigorefrigeration.com\\\/fr\\\/#website\"},\"primaryImageOfPage\":{\"@id\":\"https:\\\/\\\/derigorefrigeration.com\\\/fr\\\/nouvelles\\\/une-journee-pour-grandir-ensemble\\\/#primaryimage\"},\"image\":{\"@id\":\"https:\\\/\\\/derigorefrigeration.com\\\/fr\\\/nouvelles\\\/une-journee-pour-grandir-ensemble\\\/#primaryimage\"},\"thumbnailUrl\":\"https:\\\/\\\/derigorefrigeration.com\\\/wp-content\\\/uploads\\\/2026\\\/04\\\/formazione-DRR-IN-scaled.jpg\",\"datePublished\":\"2026-04-29T08:25:10+00:00\",\"dateModified\":\"2026-04-29T08:25:11+00:00\",\"breadcrumb\":{\"@id\":\"https:\\\/\\\/derigorefrigeration.com\\\/fr\\\/nouvelles\\\/une-journee-pour-grandir-ensemble\\\/#breadcrumb\"},\"inLanguage\":\"fr-FR\",\"potentialAction\":[{\"@type\":\"ReadAction\",\"target\":[\"https:\\\/\\\/derigorefrigeration.com\\\/fr\\\/nouvelles\\\/une-journee-pour-grandir-ensemble\\\/\"]}]},{\"@type\":\"ImageObject\",\"inLanguage\":\"fr-FR\",\"@id\":\"https:\\\/\\\/derigorefrigeration.com\\\/fr\\\/nouvelles\\\/une-journee-pour-grandir-ensemble\\\/#primaryimage\",\"url\":\"https:\\\/\\\/derigorefrigeration.com\\\/wp-content\\\/uploads\\\/2026\\\/04\\\/formazione-DRR-IN-scaled.jpg\",\"contentUrl\":\"https:\\\/\\\/derigorefrigeration.com\\\/wp-content\\\/uploads\\\/2026\\\/04\\\/formazione-DRR-IN-scaled.jpg\",\"width\":2560,\"height\":1947},{\"@type\":\"BreadcrumbList\",\"@id\":\"https:\\\/\\\/derigorefrigeration.com\\\/fr\\\/nouvelles\\\/une-journee-pour-grandir-ensemble\\\/#breadcrumb\",\"itemListElement\":[{\"@type\":\"ListItem\",\"position\":1,\"name\":\"Home\",\"item\":\"https:\\\/\\\/derigorefrigeration.com\\\/fr\\\/\"},{\"@type\":\"ListItem\",\"position\":2,\"name\":\"Une journ\u00e9e pour grandir ensemble\"}]},{\"@type\":\"WebSite\",\"@id\":\"https:\\\/\\\/derigorefrigeration.com\\\/fr\\\/#website\",\"url\":\"https:\\\/\\\/derigorefrigeration.com\\\/fr\\\/\",\"name\":\"De Rigo Refrigeration\",\"description\":\"Nous sommes fabricants de t\u00e9l\u00e9commandes, de modules, de chambres froides et d'unit\u00e9s de r\u00e9frig\u00e9ration depuis plus de 50 ans.\",\"publisher\":{\"@id\":\"https:\\\/\\\/derigorefrigeration.com\\\/fr\\\/#organization\"},\"alternateName\":\"DRR\",\"potentialAction\":[{\"@type\":\"SearchAction\",\"target\":{\"@type\":\"EntryPoint\",\"urlTemplate\":\"https:\\\/\\\/derigorefrigeration.com\\\/fr\\\/?s={search_term_string}\"},\"query-input\":{\"@type\":\"PropertyValueSpecification\",\"valueRequired\":true,\"valueName\":\"search_term_string\"}}],\"inLanguage\":\"fr-FR\"},{\"@type\":\"Organization\",\"@id\":\"https:\\\/\\\/derigorefrigeration.com\\\/fr\\\/#organization\",\"name\":\"De Rigo Refrigeration\",\"url\":\"https:\\\/\\\/derigorefrigeration.com\\\/fr\\\/\",\"logo\":{\"@type\":\"ImageObject\",\"inLanguage\":\"fr-FR\",\"@id\":\"https:\\\/\\\/derigorefrigeration.com\\\/fr\\\/#\\\/schema\\\/logo\\\/image\\\/\",\"url\":\"https:\\\/\\\/derigorefrigeration.com\\\/wp-content\\\/uploads\\\/2023\\\/11\\\/logo_de_rigo.svg\",\"contentUrl\":\"https:\\\/\\\/derigorefrigeration.com\\\/wp-content\\\/uploads\\\/2023\\\/11\\\/logo_de_rigo.svg\",\"width\":265,\"height\":56,\"caption\":\"De Rigo Refrigeration\"},\"image\":{\"@id\":\"https:\\\/\\\/derigorefrigeration.com\\\/fr\\\/#\\\/schema\\\/logo\\\/image\\\/\"}},{\"@type\":\"Person\",\"@id\":\"https:\\\/\\\/derigorefrigeration.com\\\/fr\\\/#\\\/schema\\\/person\\\/814de2a13e657cc71847b9bfee6ae94c\",\"name\":\"Valentina Nicolao\",\"url\":\"https:\\\/\\\/derigorefrigeration.com\\\/fr\\\/author\\\/v-nicolao\\\/\"}]}<\/script>\n<!-- \/ Yoast SEO plugin. -->","yoast_head_json":{"title":"Une journ\u00e9e pour grandir ensemble - De Rigo Refrigeration","robots":{"index":"index","follow":"follow","max-snippet":"max-snippet:-1","max-image-preview":"max-image-preview:large","max-video-preview":"max-video-preview:-1"},"canonical":"https:\/\/derigorefrigeration.com\/fr\/nouvelles\/une-journee-pour-grandir-ensemble\/","og_locale":"fr_FR","og_type":"article","og_title":"Une journ\u00e9e pour grandir ensemble - De Rigo Refrigeration","og_description":"Cette ann\u00e9e encore, nous nous sommes accord\u00e9 une journ\u00e9e enti\u00e8re de pause dans notre quotidien professionnel, en quittant l\u2019entreprise pour nous retrouver dans un lieu v\u00e9ritablement remarquable, entour\u00e9 de verdure, afin de consacrer du temps \u00e0 notre d\u00e9veloppement professionnel et personnel.Nous avons particip\u00e9 \u00e0 quatre parcours de formation, en alternant les groupes et en \u00e9changeant [&hellip;]","og_url":"https:\/\/derigorefrigeration.com\/fr\/nouvelles\/une-journee-pour-grandir-ensemble\/","og_site_name":"De Rigo Refrigeration","article_published_time":"2026-04-29T08:25:10+00:00","article_modified_time":"2026-04-29T08:25:11+00:00","og_image":[{"width":2560,"height":1947,"url":"https:\/\/derigorefrigeration.com\/wp-content\/uploads\/2026\/04\/formazione-DRR-IN-scaled.jpg","type":"image\/jpeg"}],"author":"Valentina Nicolao","twitter_card":"summary_large_image","twitter_misc":{"\u00c9crit par":"Valentina Nicolao","Dur\u00e9e de lecture estim\u00e9e":"2 minutes"},"schema":{"@context":"https:\/\/schema.org","@graph":[{"@type":"Article","@id":"https:\/\/derigorefrigeration.com\/fr\/nouvelles\/une-journee-pour-grandir-ensemble\/#article","isPartOf":{"@id":"https:\/\/derigorefrigeration.com\/fr\/nouvelles\/une-journee-pour-grandir-ensemble\/"},"author":{"name":"Valentina Nicolao","@id":"https:\/\/derigorefrigeration.com\/fr\/#\/schema\/person\/814de2a13e657cc71847b9bfee6ae94c"},"headline":"Une journ\u00e9e pour grandir ensemble","datePublished":"2026-04-29T08:25:10+00:00","dateModified":"2026-04-29T08:25:11+00:00","mainEntityOfPage":{"@id":"https:\/\/derigorefrigeration.com\/fr\/nouvelles\/une-journee-pour-grandir-ensemble\/"},"wordCount":247,"publisher":{"@id":"https:\/\/derigorefrigeration.com\/fr\/#organization"},"image":{"@id":"https:\/\/derigorefrigeration.com\/fr\/nouvelles\/une-journee-pour-grandir-ensemble\/#primaryimage"},"thumbnailUrl":"https:\/\/derigorefrigeration.com\/wp-content\/uploads\/2026\/04\/formazione-DRR-IN-scaled.jpg","articleSection":["Nouvelles"],"inLanguage":"fr-FR"},{"@type":"WebPage","@id":"https:\/\/derigorefrigeration.com\/fr\/nouvelles\/une-journee-pour-grandir-ensemble\/","url":"https:\/\/derigorefrigeration.com\/fr\/nouvelles\/une-journee-pour-grandir-ensemble\/","name":"Une journ\u00e9e pour grandir ensemble - De Rigo Refrigeration","isPartOf":{"@id":"https:\/\/derigorefrigeration.com\/fr\/#website"},"primaryImageOfPage":{"@id":"https:\/\/derigorefrigeration.com\/fr\/nouvelles\/une-journee-pour-grandir-ensemble\/#primaryimage"},"image":{"@id":"https:\/\/derigorefrigeration.com\/fr\/nouvelles\/une-journee-pour-grandir-ensemble\/#primaryimage"},"thumbnailUrl":"https:\/\/derigorefrigeration.com\/wp-content\/uploads\/2026\/04\/formazione-DRR-IN-scaled.jpg","datePublished":"2026-04-29T08:25:10+00:00","dateModified":"2026-04-29T08:25:11+00:00","breadcrumb":{"@id":"https:\/\/derigorefrigeration.com\/fr\/nouvelles\/une-journee-pour-grandir-ensemble\/#breadcrumb"},"inLanguage":"fr-FR","potentialAction":[{"@type":"ReadAction","target":["https:\/\/derigorefrigeration.com\/fr\/nouvelles\/une-journee-pour-grandir-ensemble\/"]}]},{"@type":"ImageObject","inLanguage":"fr-FR","@id":"https:\/\/derigorefrigeration.com\/fr\/nouvelles\/une-journee-pour-grandir-ensemble\/#primaryimage","url":"https:\/\/derigorefrigeration.com\/wp-content\/uploads\/2026\/04\/formazione-DRR-IN-scaled.jpg","contentUrl":"https:\/\/derigorefrigeration.com\/wp-content\/uploads\/2026\/04\/formazione-DRR-IN-scaled.jpg","width":2560,"height":1947},{"@type":"BreadcrumbList","@id":"https:\/\/derigorefrigeration.com\/fr\/nouvelles\/une-journee-pour-grandir-ensemble\/#breadcrumb","itemListElement":[{"@type":"ListItem","position":1,"name":"Home","item":"https:\/\/derigorefrigeration.com\/fr\/"},{"@type":"ListItem","position":2,"name":"Une journ\u00e9e pour grandir ensemble"}]},{"@type":"WebSite","@id":"https:\/\/derigorefrigeration.com\/fr\/#website","url":"https:\/\/derigorefrigeration.com\/fr\/","name":"De Rigo Refrigeration","description":"Nous sommes fabricants de t\u00e9l\u00e9commandes, de modules, de chambres froides et d'unit\u00e9s de r\u00e9frig\u00e9ration depuis plus de 50 ans.","publisher":{"@id":"https:\/\/derigorefrigeration.com\/fr\/#organization"},"alternateName":"DRR","potentialAction":[{"@type":"SearchAction","target":{"@type":"EntryPoint","urlTemplate":"https:\/\/derigorefrigeration.com\/fr\/?s={search_term_string}"},"query-input":{"@type":"PropertyValueSpecification","valueRequired":true,"valueName":"search_term_string"}}],"inLanguage":"fr-FR"},{"@type":"Organization","@id":"https:\/\/derigorefrigeration.com\/fr\/#organization","name":"De Rigo Refrigeration","url":"https:\/\/derigorefrigeration.com\/fr\/","logo":{"@type":"ImageObject","inLanguage":"fr-FR","@id":"https:\/\/derigorefrigeration.com\/fr\/#\/schema\/logo\/image\/","url":"https:\/\/derigorefrigeration.com\/wp-content\/uploads\/2023\/11\/logo_de_rigo.svg","contentUrl":"https:\/\/derigorefrigeration.com\/wp-content\/uploads\/2023\/11\/logo_de_rigo.svg","width":265,"height":56,"caption":"De Rigo Refrigeration"},"image":{"@id":"https:\/\/derigorefrigeration.com\/fr\/#\/schema\/logo\/image\/"}},{"@type":"Person","@id":"https:\/\/derigorefrigeration.com\/fr\/#\/schema\/person\/814de2a13e657cc71847b9bfee6ae94c","name":"Valentina Nicolao","url":"https:\/\/derigorefrigeration.com\/fr\/author\/v-nicolao\/"}]}},"_links":{"self":[{"href":"https:\/\/derigorefrigeration.com\/fr\/wp-json\/wp\/v2\/posts\/104781","targetHints":{"allow":["GET"]}}],"collection":[{"href":"https:\/\/derigorefrigeration.com\/fr\/wp-json\/wp\/v2\/posts"}],"about":[{"href":"https:\/\/derigorefrigeration.com\/fr\/wp-json\/wp\/v2\/types\/post"}],"author":[{"embeddable":true,"href":"https:\/\/derigorefrigeration.com\/fr\/wp-json\/wp\/v2\/users\/3"}],"replies":[{"embeddable":true,"href":"https:\/\/derigorefrigeration.com\/fr\/wp-json\/wp\/v2\/comments?post=104781"}],"version-history":[{"count":2,"href":"https:\/\/derigorefrigeration.com\/fr\/wp-json\/wp\/v2\/posts\/104781\/revisions"}],"predecessor-version":[{"id":104799,"href":"https:\/\/derigorefrigeration.com\/fr\/wp-json\/wp\/v2\/posts\/104781\/revisions\/104799"}],"wp:featuredmedia":[{"embeddable":true,"href":"https:\/\/derigorefrigeration.com\/fr\/wp-json\/wp\/v2\/media\/104786"}],"wp:attachment":[{"href":"https:\/\/derigorefrigeration.com\/fr\/wp-json\/wp\/v2\/media?parent=104781"}],"wp:term":[{"taxonomy":"category","embeddable":true,"href":"https:\/\/derigorefrigeration.com\/fr\/wp-json\/wp\/v2\/categories?post=104781"},{"taxonomy":"post_tag","embeddable":true,"href":"https:\/\/derigorefrigeration.com\/fr\/wp-json\/wp\/v2\/tags?post=104781"},{"taxonomy":"location","embeddable":true,"href":"https:\/\/derigorefrigeration.com\/fr\/wp-json\/wp\/v2\/location?post=104781"}],"curies":[{"name":"wp","href":"https:\/\/api.w.org\/{rel}","templated":true}]}}