{"id":106220,"date":"2026-08-31T10:26:45","date_gmt":"2026-08-31T08:26:45","guid":{"rendered":"https:\/\/derigorefrigeration.com\/?p=106220"},"modified":"2026-08-31T10:35:29","modified_gmt":"2026-08-31T08:35:29","slug":"voici-mistral-sv-doors-et-mistral-sv-freespace","status":"publish","type":"post","link":"https:\/\/derigorefrigeration.com\/fr\/nouvelles\/voici-mistral-sv-doors-et-mistral-sv-freespace\/","title":{"rendered":"Voici Mistral SV Doors et Mistral SV Freespace"},"content":{"rendered":"<p>La gamme Mistral \u00e9volue. S&rsquo;appuyant sur notre ligne \u00e9tablie, nous lan\u00e7ons les deux premiers nouveaux mod\u00e8les de cette extension de gamme, con\u00e7us pour garantir une faible consommation d&rsquo;\u00e9nergie et une haute efficacit\u00e9. Mistral associe \u00e9l\u00e9gance, simplicit\u00e9 et visibilit\u00e9 exceptionnelle du produit expos\u00e9, pour s&rsquo;adapter parfaitement \u00e0 tout espace de vente.<\/p>\n<p><strong>Mistral SV Doors :<\/strong> La solution semi-verticale con\u00e7ue pour maximiser l&rsquo;espace vertical et optimiser les performances. Proposant un choix de portes coulissantes ou battantes, elle apporte une polyvalence ultime \u00e0 tout environnement de vente au d\u00e9tail.<\/p>\n<p><strong>Mistral SV Freespace :<\/strong> La solution verticale r\u00e9volutionnaire qui surpasse les configurations traditionnelles dos \u00e0 dos. Elle offre jusqu&rsquo;\u00e0 18 % d&rsquo;espace de pr\u00e9sentation suppl\u00e9mentaire par \u00e9tag\u00e8re sur la m\u00eame emprise au sol, aliment\u00e9e par un \u00e9vaporateur et un contr\u00f4leur unique pour r\u00e9duire consid\u00e9rablement les co\u00fbts d&rsquo;achat et d&rsquo;installation.<\/p>\n<p>D\u00e9couvrez toutes les caract\u00e9ristiques des nouveaux Mistral SV Doors et Mistral SV Freespace\u00a0:<br \/>\n<a href=\"https:\/\/derigorefrigeration.com\/fr\/linea\/meubles-semi-verticaux-1\/\">https:\/\/derigorefrigeration.com\/fr\/linea\/meubles-semi-verticaux-1\/<\/a><\/p>\n","protected":false},"excerpt":{"rendered":"<p>La gamme Mistral \u00e9volue. S&rsquo;appuyant sur notre ligne \u00e9tablie, nous lan\u00e7ons les deux premiers nouveaux mod\u00e8les de cette extension de gamme, con\u00e7us pour garantir une faible consommation d&rsquo;\u00e9nergie et une haute efficacit\u00e9. Mistral associe \u00e9l\u00e9gance, simplicit\u00e9 et visibilit\u00e9 exceptionnelle du produit expos\u00e9, pour s&rsquo;adapter parfaitement \u00e0 tout espace de vente. Mistral SV Doors : La [&hellip;]<\/p>\n","protected":false},"author":3,"featured_media":106263,"comment_status":"closed","ping_status":"closed","sticky":false,"template":"","format":"standard","meta":{"_acf_changed":false,"footnotes":""},"categories":[628],"tags":[],"location":[],"class_list":["post-106220","post","type-post","status-publish","format-standard","has-post-thumbnail","hentry","category-nouvelles"],"acf":[],"yoast_head":"<!-- This site is optimized with the Yoast SEO plugin v27.3 - https:\/\/yoast.com\/product\/yoast-seo-wordpress\/ -->\n<title>Voici Mistral SV Doors et Mistral SV Freespace - De Rigo Refrigeration<\/title>\n<meta name=\"robots\" content=\"index, follow, max-snippet:-1, max-image-preview:large, max-video-preview:-1\" \/>\n<link rel=\"canonical\" href=\"https:\/\/derigorefrigeration.com\/fr\/nouvelles\/voici-mistral-sv-doors-et-mistral-sv-freespace\/\" \/>\n<meta property=\"og:locale\" content=\"fr_FR\" \/>\n<meta property=\"og:type\" content=\"article\" \/>\n<meta property=\"og:title\" content=\"Voici Mistral SV Doors et Mistral SV Freespace - De Rigo Refrigeration\" \/>\n<meta property=\"og:description\" content=\"La gamme Mistral \u00e9volue. S&rsquo;appuyant sur notre ligne \u00e9tablie, nous lan\u00e7ons les deux premiers nouveaux mod\u00e8les de cette extension de gamme, con\u00e7us pour garantir une faible consommation d&rsquo;\u00e9nergie et une haute efficacit\u00e9. Mistral associe \u00e9l\u00e9gance, simplicit\u00e9 et visibilit\u00e9 exceptionnelle du produit expos\u00e9, pour s&rsquo;adapter parfaitement \u00e0 tout espace de vente. Mistral SV Doors : La [&hellip;]\" \/>\n<meta property=\"og:url\" content=\"https:\/\/derigorefrigeration.com\/fr\/nouvelles\/voici-mistral-sv-doors-et-mistral-sv-freespace\/\" \/>\n<meta property=\"og:site_name\" content=\"De Rigo Refrigeration\" \/>\n<meta property=\"article:published_time\" content=\"2026-08-31T08:26:45+00:00\" \/>\n<meta property=\"article:modified_time\" content=\"2026-08-31T08:35:29+00:00\" \/>\n<meta property=\"og:image\" content=\"https:\/\/derigorefrigeration.com\/wp-content\/uploads\/2026\/08\/Mistral2026_SV_Doors_Freespace-news.jpg\" \/>\n\t<meta property=\"og:image:width\" content=\"1366\" \/>\n\t<meta property=\"og:image:height\" content=\"1066\" \/>\n\t<meta property=\"og:image:type\" content=\"image\/jpeg\" \/>\n<meta name=\"author\" content=\"Valentina Nicolao\" \/>\n<meta name=\"twitter:card\" content=\"summary_large_image\" \/>\n<meta name=\"twitter:label1\" content=\"\u00c9crit par\" \/>\n\t<meta name=\"twitter:data1\" content=\"Valentina Nicolao\" \/>\n\t<meta name=\"twitter:label2\" content=\"Dur\u00e9e de lecture estim\u00e9e\" \/>\n\t<meta name=\"twitter:data2\" content=\"1 minute\" \/>\n<script type=\"application\/ld+json\" class=\"yoast-schema-graph\">{\"@context\":\"https:\\\/\\\/schema.org\",\"@graph\":[{\"@type\":\"Article\",\"@id\":\"https:\\\/\\\/derigorefrigeration.com\\\/fr\\\/nouvelles\\\/voici-mistral-sv-doors-et-mistral-sv-freespace\\\/#article\",\"isPartOf\":{\"@id\":\"https:\\\/\\\/derigorefrigeration.com\\\/fr\\\/nouvelles\\\/voici-mistral-sv-doors-et-mistral-sv-freespace\\\/\"},\"author\":{\"name\":\"Valentina Nicolao\",\"@id\":\"https:\\\/\\\/derigorefrigeration.com\\\/fr\\\/#\\\/schema\\\/person\\\/814de2a13e657cc71847b9bfee6ae94c\"},\"headline\":\"Voici Mistral SV Doors et Mistral SV Freespace\",\"datePublished\":\"2026-08-31T08:26:45+00:00\",\"dateModified\":\"2026-08-31T08:35:29+00:00\",\"mainEntityOfPage\":{\"@id\":\"https:\\\/\\\/derigorefrigeration.com\\\/fr\\\/nouvelles\\\/voici-mistral-sv-doors-et-mistral-sv-freespace\\\/\"},\"wordCount\":180,\"publisher\":{\"@id\":\"https:\\\/\\\/derigorefrigeration.com\\\/fr\\\/#organization\"},\"image\":{\"@id\":\"https:\\\/\\\/derigorefrigeration.com\\\/fr\\\/nouvelles\\\/voici-mistral-sv-doors-et-mistral-sv-freespace\\\/#primaryimage\"},\"thumbnailUrl\":\"https:\\\/\\\/derigorefrigeration.com\\\/wp-content\\\/uploads\\\/2026\\\/08\\\/Mistral2026_SV_Doors_Freespace-news.jpg\",\"articleSection\":[\"Nouvelles\"],\"inLanguage\":\"fr-FR\"},{\"@type\":\"WebPage\",\"@id\":\"https:\\\/\\\/derigorefrigeration.com\\\/fr\\\/nouvelles\\\/voici-mistral-sv-doors-et-mistral-sv-freespace\\\/\",\"url\":\"https:\\\/\\\/derigorefrigeration.com\\\/fr\\\/nouvelles\\\/voici-mistral-sv-doors-et-mistral-sv-freespace\\\/\",\"name\":\"Voici Mistral SV Doors et Mistral SV Freespace - De Rigo Refrigeration\",\"isPartOf\":{\"@id\":\"https:\\\/\\\/derigorefrigeration.com\\\/fr\\\/#website\"},\"primaryImageOfPage\":{\"@id\":\"https:\\\/\\\/derigorefrigeration.com\\\/fr\\\/nouvelles\\\/voici-mistral-sv-doors-et-mistral-sv-freespace\\\/#primaryimage\"},\"image\":{\"@id\":\"https:\\\/\\\/derigorefrigeration.com\\\/fr\\\/nouvelles\\\/voici-mistral-sv-doors-et-mistral-sv-freespace\\\/#primaryimage\"},\"thumbnailUrl\":\"https:\\\/\\\/derigorefrigeration.com\\\/wp-content\\\/uploads\\\/2026\\\/08\\\/Mistral2026_SV_Doors_Freespace-news.jpg\",\"datePublished\":\"2026-08-31T08:26:45+00:00\",\"dateModified\":\"2026-08-31T08:35:29+00:00\",\"breadcrumb\":{\"@id\":\"https:\\\/\\\/derigorefrigeration.com\\\/fr\\\/nouvelles\\\/voici-mistral-sv-doors-et-mistral-sv-freespace\\\/#breadcrumb\"},\"inLanguage\":\"fr-FR\",\"potentialAction\":[{\"@type\":\"ReadAction\",\"target\":[\"https:\\\/\\\/derigorefrigeration.com\\\/fr\\\/nouvelles\\\/voici-mistral-sv-doors-et-mistral-sv-freespace\\\/\"]}]},{\"@type\":\"ImageObject\",\"inLanguage\":\"fr-FR\",\"@id\":\"https:\\\/\\\/derigorefrigeration.com\\\/fr\\\/nouvelles\\\/voici-mistral-sv-doors-et-mistral-sv-freespace\\\/#primaryimage\",\"url\":\"https:\\\/\\\/derigorefrigeration.com\\\/wp-content\\\/uploads\\\/2026\\\/08\\\/Mistral2026_SV_Doors_Freespace-news.jpg\",\"contentUrl\":\"https:\\\/\\\/derigorefrigeration.com\\\/wp-content\\\/uploads\\\/2026\\\/08\\\/Mistral2026_SV_Doors_Freespace-news.jpg\",\"width\":1366,\"height\":1066,\"caption\":\"Screenshot\"},{\"@type\":\"BreadcrumbList\",\"@id\":\"https:\\\/\\\/derigorefrigeration.com\\\/fr\\\/nouvelles\\\/voici-mistral-sv-doors-et-mistral-sv-freespace\\\/#breadcrumb\",\"itemListElement\":[{\"@type\":\"ListItem\",\"position\":1,\"name\":\"Home\",\"item\":\"https:\\\/\\\/derigorefrigeration.com\\\/fr\\\/\"},{\"@type\":\"ListItem\",\"position\":2,\"name\":\"Voici Mistral SV Doors et Mistral SV Freespace\"}]},{\"@type\":\"WebSite\",\"@id\":\"https:\\\/\\\/derigorefrigeration.com\\\/fr\\\/#website\",\"url\":\"https:\\\/\\\/derigorefrigeration.com\\\/fr\\\/\",\"name\":\"De Rigo Refrigeration\",\"description\":\"Nous sommes fabricants de t\u00e9l\u00e9commandes, de modules, de chambres froides et d'unit\u00e9s de r\u00e9frig\u00e9ration depuis plus de 50 ans.\",\"publisher\":{\"@id\":\"https:\\\/\\\/derigorefrigeration.com\\\/fr\\\/#organization\"},\"alternateName\":\"DRR\",\"potentialAction\":[{\"@type\":\"SearchAction\",\"target\":{\"@type\":\"EntryPoint\",\"urlTemplate\":\"https:\\\/\\\/derigorefrigeration.com\\\/fr\\\/?s={search_term_string}\"},\"query-input\":{\"@type\":\"PropertyValueSpecification\",\"valueRequired\":true,\"valueName\":\"search_term_string\"}}],\"inLanguage\":\"fr-FR\"},{\"@type\":\"Organization\",\"@id\":\"https:\\\/\\\/derigorefrigeration.com\\\/fr\\\/#organization\",\"name\":\"De Rigo Refrigeration\",\"url\":\"https:\\\/\\\/derigorefrigeration.com\\\/fr\\\/\",\"logo\":{\"@type\":\"ImageObject\",\"inLanguage\":\"fr-FR\",\"@id\":\"https:\\\/\\\/derigorefrigeration.com\\\/fr\\\/#\\\/schema\\\/logo\\\/image\\\/\",\"url\":\"https:\\\/\\\/derigorefrigeration.com\\\/wp-content\\\/uploads\\\/2023\\\/11\\\/logo_de_rigo.svg\",\"contentUrl\":\"https:\\\/\\\/derigorefrigeration.com\\\/wp-content\\\/uploads\\\/2023\\\/11\\\/logo_de_rigo.svg\",\"width\":265,\"height\":56,\"caption\":\"De Rigo Refrigeration\"},\"image\":{\"@id\":\"https:\\\/\\\/derigorefrigeration.com\\\/fr\\\/#\\\/schema\\\/logo\\\/image\\\/\"}},{\"@type\":\"Person\",\"@id\":\"https:\\\/\\\/derigorefrigeration.com\\\/fr\\\/#\\\/schema\\\/person\\\/814de2a13e657cc71847b9bfee6ae94c\",\"name\":\"Valentina Nicolao\",\"url\":\"https:\\\/\\\/derigorefrigeration.com\\\/fr\\\/author\\\/v-nicolao\\\/\"}]}<\/script>\n<!-- \/ Yoast SEO plugin. -->","yoast_head_json":{"title":"Voici Mistral SV Doors et Mistral SV Freespace - De Rigo Refrigeration","robots":{"index":"index","follow":"follow","max-snippet":"max-snippet:-1","max-image-preview":"max-image-preview:large","max-video-preview":"max-video-preview:-1"},"canonical":"https:\/\/derigorefrigeration.com\/fr\/nouvelles\/voici-mistral-sv-doors-et-mistral-sv-freespace\/","og_locale":"fr_FR","og_type":"article","og_title":"Voici Mistral SV Doors et Mistral SV Freespace - De Rigo Refrigeration","og_description":"La gamme Mistral \u00e9volue. S&rsquo;appuyant sur notre ligne \u00e9tablie, nous lan\u00e7ons les deux premiers nouveaux mod\u00e8les de cette extension de gamme, con\u00e7us pour garantir une faible consommation d&rsquo;\u00e9nergie et une haute efficacit\u00e9. Mistral associe \u00e9l\u00e9gance, simplicit\u00e9 et visibilit\u00e9 exceptionnelle du produit expos\u00e9, pour s&rsquo;adapter parfaitement \u00e0 tout espace de vente. Mistral SV Doors : La [&hellip;]","og_url":"https:\/\/derigorefrigeration.com\/fr\/nouvelles\/voici-mistral-sv-doors-et-mistral-sv-freespace\/","og_site_name":"De Rigo Refrigeration","article_published_time":"2026-08-31T08:26:45+00:00","article_modified_time":"2026-08-31T08:35:29+00:00","og_image":[{"width":1366,"height":1066,"url":"https:\/\/derigorefrigeration.com\/wp-content\/uploads\/2026\/08\/Mistral2026_SV_Doors_Freespace-news.jpg","type":"image\/jpeg"}],"author":"Valentina Nicolao","twitter_card":"summary_large_image","twitter_misc":{"\u00c9crit par":"Valentina Nicolao","Dur\u00e9e de lecture estim\u00e9e":"1 minute"},"schema":{"@context":"https:\/\/schema.org","@graph":[{"@type":"Article","@id":"https:\/\/derigorefrigeration.com\/fr\/nouvelles\/voici-mistral-sv-doors-et-mistral-sv-freespace\/#article","isPartOf":{"@id":"https:\/\/derigorefrigeration.com\/fr\/nouvelles\/voici-mistral-sv-doors-et-mistral-sv-freespace\/"},"author":{"name":"Valentina Nicolao","@id":"https:\/\/derigorefrigeration.com\/fr\/#\/schema\/person\/814de2a13e657cc71847b9bfee6ae94c"},"headline":"Voici Mistral SV Doors et Mistral SV Freespace","datePublished":"2026-08-31T08:26:45+00:00","dateModified":"2026-08-31T08:35:29+00:00","mainEntityOfPage":{"@id":"https:\/\/derigorefrigeration.com\/fr\/nouvelles\/voici-mistral-sv-doors-et-mistral-sv-freespace\/"},"wordCount":180,"publisher":{"@id":"https:\/\/derigorefrigeration.com\/fr\/#organization"},"image":{"@id":"https:\/\/derigorefrigeration.com\/fr\/nouvelles\/voici-mistral-sv-doors-et-mistral-sv-freespace\/#primaryimage"},"thumbnailUrl":"https:\/\/derigorefrigeration.com\/wp-content\/uploads\/2026\/08\/Mistral2026_SV_Doors_Freespace-news.jpg","articleSection":["Nouvelles"],"inLanguage":"fr-FR"},{"@type":"WebPage","@id":"https:\/\/derigorefrigeration.com\/fr\/nouvelles\/voici-mistral-sv-doors-et-mistral-sv-freespace\/","url":"https:\/\/derigorefrigeration.com\/fr\/nouvelles\/voici-mistral-sv-doors-et-mistral-sv-freespace\/","name":"Voici Mistral SV Doors et Mistral SV Freespace - De Rigo Refrigeration","isPartOf":{"@id":"https:\/\/derigorefrigeration.com\/fr\/#website"},"primaryImageOfPage":{"@id":"https:\/\/derigorefrigeration.com\/fr\/nouvelles\/voici-mistral-sv-doors-et-mistral-sv-freespace\/#primaryimage"},"image":{"@id":"https:\/\/derigorefrigeration.com\/fr\/nouvelles\/voici-mistral-sv-doors-et-mistral-sv-freespace\/#primaryimage"},"thumbnailUrl":"https:\/\/derigorefrigeration.com\/wp-content\/uploads\/2026\/08\/Mistral2026_SV_Doors_Freespace-news.jpg","datePublished":"2026-08-31T08:26:45+00:00","dateModified":"2026-08-31T08:35:29+00:00","breadcrumb":{"@id":"https:\/\/derigorefrigeration.com\/fr\/nouvelles\/voici-mistral-sv-doors-et-mistral-sv-freespace\/#breadcrumb"},"inLanguage":"fr-FR","potentialAction":[{"@type":"ReadAction","target":["https:\/\/derigorefrigeration.com\/fr\/nouvelles\/voici-mistral-sv-doors-et-mistral-sv-freespace\/"]}]},{"@type":"ImageObject","inLanguage":"fr-FR","@id":"https:\/\/derigorefrigeration.com\/fr\/nouvelles\/voici-mistral-sv-doors-et-mistral-sv-freespace\/#primaryimage","url":"https:\/\/derigorefrigeration.com\/wp-content\/uploads\/2026\/08\/Mistral2026_SV_Doors_Freespace-news.jpg","contentUrl":"https:\/\/derigorefrigeration.com\/wp-content\/uploads\/2026\/08\/Mistral2026_SV_Doors_Freespace-news.jpg","width":1366,"height":1066,"caption":"Screenshot"},{"@type":"BreadcrumbList","@id":"https:\/\/derigorefrigeration.com\/fr\/nouvelles\/voici-mistral-sv-doors-et-mistral-sv-freespace\/#breadcrumb","itemListElement":[{"@type":"ListItem","position":1,"name":"Home","item":"https:\/\/derigorefrigeration.com\/fr\/"},{"@type":"ListItem","position":2,"name":"Voici Mistral SV Doors et Mistral SV Freespace"}]},{"@type":"WebSite","@id":"https:\/\/derigorefrigeration.com\/fr\/#website","url":"https:\/\/derigorefrigeration.com\/fr\/","name":"De Rigo Refrigeration","description":"Nous sommes fabricants de t\u00e9l\u00e9commandes, de modules, de chambres froides et d'unit\u00e9s de r\u00e9frig\u00e9ration depuis plus de 50 ans.","publisher":{"@id":"https:\/\/derigorefrigeration.com\/fr\/#organization"},"alternateName":"DRR","potentialAction":[{"@type":"SearchAction","target":{"@type":"EntryPoint","urlTemplate":"https:\/\/derigorefrigeration.com\/fr\/?s={search_term_string}"},"query-input":{"@type":"PropertyValueSpecification","valueRequired":true,"valueName":"search_term_string"}}],"inLanguage":"fr-FR"},{"@type":"Organization","@id":"https:\/\/derigorefrigeration.com\/fr\/#organization","name":"De Rigo Refrigeration","url":"https:\/\/derigorefrigeration.com\/fr\/","logo":{"@type":"ImageObject","inLanguage":"fr-FR","@id":"https:\/\/derigorefrigeration.com\/fr\/#\/schema\/logo\/image\/","url":"https:\/\/derigorefrigeration.com\/wp-content\/uploads\/2023\/11\/logo_de_rigo.svg","contentUrl":"https:\/\/derigorefrigeration.com\/wp-content\/uploads\/2023\/11\/logo_de_rigo.svg","width":265,"height":56,"caption":"De Rigo Refrigeration"},"image":{"@id":"https:\/\/derigorefrigeration.com\/fr\/#\/schema\/logo\/image\/"}},{"@type":"Person","@id":"https:\/\/derigorefrigeration.com\/fr\/#\/schema\/person\/814de2a13e657cc71847b9bfee6ae94c","name":"Valentina Nicolao","url":"https:\/\/derigorefrigeration.com\/fr\/author\/v-nicolao\/"}]}},"_links":{"self":[{"href":"https:\/\/derigorefrigeration.com\/fr\/wp-json\/wp\/v2\/posts\/106220","targetHints":{"allow":["GET"]}}],"collection":[{"href":"https:\/\/derigorefrigeration.com\/fr\/wp-json\/wp\/v2\/posts"}],"about":[{"href":"https:\/\/derigorefrigeration.com\/fr\/wp-json\/wp\/v2\/types\/post"}],"author":[{"embeddable":true,"href":"https:\/\/derigorefrigeration.com\/fr\/wp-json\/wp\/v2\/users\/3"}],"replies":[{"embeddable":true,"href":"https:\/\/derigorefrigeration.com\/fr\/wp-json\/wp\/v2\/comments?post=106220"}],"version-history":[{"count":3,"href":"https:\/\/derigorefrigeration.com\/fr\/wp-json\/wp\/v2\/posts\/106220\/revisions"}],"predecessor-version":[{"id":106271,"href":"https:\/\/derigorefrigeration.com\/fr\/wp-json\/wp\/v2\/posts\/106220\/revisions\/106271"}],"wp:featuredmedia":[{"embeddable":true,"href":"https:\/\/derigorefrigeration.com\/fr\/wp-json\/wp\/v2\/media\/106263"}],"wp:attachment":[{"href":"https:\/\/derigorefrigeration.com\/fr\/wp-json\/wp\/v2\/media?parent=106220"}],"wp:term":[{"taxonomy":"category","embeddable":true,"href":"https:\/\/derigorefrigeration.com\/fr\/wp-json\/wp\/v2\/categories?post=106220"},{"taxonomy":"post_tag","embeddable":true,"href":"https:\/\/derigorefrigeration.com\/fr\/wp-json\/wp\/v2\/tags?post=106220"},{"taxonomy":"location","embeddable":true,"href":"https:\/\/derigorefrigeration.com\/fr\/wp-json\/wp\/v2\/location?post=106220"}],"curies":[{"name":"wp","href":"https:\/\/api.w.org\/{rel}","templated":true}]}}