{"id":93158,"date":"2021-02-22T00:00:00","date_gmt":"2021-02-21T23:00:00","guid":{"rendered":"https:\/\/derigorefrigeration.com\/2021\/02\/22\/de-rigo-group-teams-up-against-the-pandemic-1\/"},"modified":"2021-02-22T00:00:00","modified_gmt":"2021-02-21T23:00:00","slug":"de-rigo-group-teams-up-against-the-pandemic-1","status":"publish","type":"post","link":"https:\/\/derigorefrigeration.com\/fr\/nouvelles\/de-rigo-group-teams-up-against-the-pandemic-1\/","title":{"rendered":"De Rigo Group teams up against the pandemic"},"content":{"rendered":"<p>De Rigo Group teams up against the pandemic and faces market fluctuations by launching an agile organisational model to support the business and its workers.<br \/>\nNever as in this case can it be said that being part of a large Group makes a difference in terms of business and opportunities for workers. Faced with the market trends resulting from the pandemic, two entities of the De Rigo Group, which usually work independently, have realized that strength lies in unity. Through careful work performed jointly by the Human Resource Departments of the two companies, a virtuous circle was promptly created, on which a new organisational model is based to protect the business and workers.<br \/>\n<em>De Rigo Refrigeration, a company of the De Rigo Group and a major player in the <\/em>\u00a0refrigeration industry, was not only scarcely affected by the adverse effects of the pandemic but, on the contrary, has recorded growing orders with tight delivery times.<br \/>\nConversely, De Rigo Vision, despite having implemented major actions to contrast the inevitable downturn in the market caused by the COVID-19 emergency, has experienced a slowdown in its business.<br \/>\nHence, on the one hand, an extraordinary opportunity for De Rigo Refrigeration to expand its business with a portfolio of orders that required a boost in production that was difficult to immediately meet. On the other hand, the immediate availability of De Rigo Vision\u2019s expertise which enthusiastically lent itself to supporting colleagues in the refrigeration industry to make this opportunity a tangible reality.<br \/>\nAs Ennio De Rigo, President of the Group, explained: <em>\u201cThe increase in business is due to the recovery of foreign markets that had \u201cfrozen\u201d investments during the pandemic period and to an ongoing growth in the domestic market. Added to this is a substantial increase in orders from the medical sector for refrigerated cabinets which, as we know, are necessary for the Italian vaccination plan. A unique situation, which requires extraordinary efforts to be able to meet such an increase in requests. That is why, thanks to the availability of our personnel, it was possible to promptly respond to market requests by agreeing to temporarily move some of De Rigo Vision workers to De Rigo Refrigeration production departments. Colleagues in the eyewear sector could thus resume their work 100% while enjoying a new, important job experience. An outstanding example of job rotation, teaming up and being part of a great Group\u201d.<\/em><\/p>\n","protected":false},"excerpt":{"rendered":"<p>De Rigo Vision and De Rigo Refrigeration face market fluctuations by launching an agile organisational model to support the business and its workers<\/p>\n","protected":false},"author":1,"featured_media":24056,"comment_status":"","ping_status":"","sticky":false,"template":"","format":"standard","meta":{"_acf_changed":false,"footnotes":""},"categories":[628],"tags":[],"location":[],"class_list":["post-93158","post","type-post","status-publish","format-standard","has-post-thumbnail","hentry","category-nouvelles"],"acf":[],"yoast_head":"<!-- This site is optimized with the Yoast SEO plugin v27.3 - https:\/\/yoast.com\/product\/yoast-seo-wordpress\/ -->\n<title>De Rigo Group teams up against the pandemic - De Rigo Refrigeration<\/title>\n<meta name=\"robots\" content=\"index, follow, max-snippet:-1, max-image-preview:large, max-video-preview:-1\" \/>\n<link rel=\"canonical\" href=\"https:\/\/derigorefrigeration.com\/fr\/nouvelles\/de-rigo-group-teams-up-against-the-pandemic-1\/\" \/>\n<meta property=\"og:locale\" content=\"fr_FR\" \/>\n<meta property=\"og:type\" content=\"article\" \/>\n<meta property=\"og:title\" content=\"De Rigo Group teams up against the pandemic - De Rigo Refrigeration\" \/>\n<meta property=\"og:description\" content=\"De Rigo Vision and De Rigo Refrigeration face market fluctuations by launching an agile organisational model to support the business and its workers\" \/>\n<meta property=\"og:url\" content=\"https:\/\/derigorefrigeration.com\/fr\/nouvelles\/de-rigo-group-teams-up-against-the-pandemic-1\/\" \/>\n<meta property=\"og:site_name\" content=\"De Rigo Refrigeration\" \/>\n<meta property=\"article:published_time\" content=\"2021-02-21T23:00:00+00:00\" \/>\n<meta property=\"og:image\" content=\"https:\/\/derigorefrigeration.com\/wp-content\/uploads\/2024\/02\/GROUP-SITO.jpg\" \/>\n\t<meta property=\"og:image:width\" content=\"1280\" \/>\n\t<meta property=\"og:image:height\" content=\"823\" \/>\n\t<meta property=\"og:image:type\" content=\"image\/jpeg\" \/>\n<meta name=\"author\" content=\"drrwkp\" \/>\n<meta name=\"twitter:card\" content=\"summary_large_image\" \/>\n<meta name=\"twitter:label1\" content=\"\u00c9crit par\" \/>\n\t<meta name=\"twitter:data1\" content=\"drrwkp\" \/>\n\t<meta name=\"twitter:label2\" content=\"Dur\u00e9e de lecture estim\u00e9e\" \/>\n\t<meta name=\"twitter:data2\" content=\"2 minutes\" \/>\n<script type=\"application\/ld+json\" class=\"yoast-schema-graph\">{\"@context\":\"https:\\\/\\\/schema.org\",\"@graph\":[{\"@type\":\"Article\",\"@id\":\"https:\\\/\\\/derigorefrigeration.com\\\/fr\\\/nouvelles\\\/de-rigo-group-teams-up-against-the-pandemic-1\\\/#article\",\"isPartOf\":{\"@id\":\"https:\\\/\\\/derigorefrigeration.com\\\/fr\\\/nouvelles\\\/de-rigo-group-teams-up-against-the-pandemic-1\\\/\"},\"author\":{\"name\":\"drrwkp\",\"@id\":\"https:\\\/\\\/derigorefrigeration.com\\\/fr\\\/#\\\/schema\\\/person\\\/5925364b82d1760a027fd2e399486632\"},\"headline\":\"De Rigo Group teams up against the pandemic\",\"datePublished\":\"2021-02-21T23:00:00+00:00\",\"mainEntityOfPage\":{\"@id\":\"https:\\\/\\\/derigorefrigeration.com\\\/fr\\\/nouvelles\\\/de-rigo-group-teams-up-against-the-pandemic-1\\\/\"},\"wordCount\":406,\"publisher\":{\"@id\":\"https:\\\/\\\/derigorefrigeration.com\\\/fr\\\/#organization\"},\"image\":{\"@id\":\"https:\\\/\\\/derigorefrigeration.com\\\/fr\\\/nouvelles\\\/de-rigo-group-teams-up-against-the-pandemic-1\\\/#primaryimage\"},\"thumbnailUrl\":\"https:\\\/\\\/derigorefrigeration.com\\\/wp-content\\\/uploads\\\/2024\\\/02\\\/GROUP-SITO.jpg\",\"articleSection\":[\"Nouvelles\"],\"inLanguage\":\"fr-FR\"},{\"@type\":\"WebPage\",\"@id\":\"https:\\\/\\\/derigorefrigeration.com\\\/fr\\\/nouvelles\\\/de-rigo-group-teams-up-against-the-pandemic-1\\\/\",\"url\":\"https:\\\/\\\/derigorefrigeration.com\\\/fr\\\/nouvelles\\\/de-rigo-group-teams-up-against-the-pandemic-1\\\/\",\"name\":\"De Rigo Group teams up against the pandemic - De Rigo Refrigeration\",\"isPartOf\":{\"@id\":\"https:\\\/\\\/derigorefrigeration.com\\\/fr\\\/#website\"},\"primaryImageOfPage\":{\"@id\":\"https:\\\/\\\/derigorefrigeration.com\\\/fr\\\/nouvelles\\\/de-rigo-group-teams-up-against-the-pandemic-1\\\/#primaryimage\"},\"image\":{\"@id\":\"https:\\\/\\\/derigorefrigeration.com\\\/fr\\\/nouvelles\\\/de-rigo-group-teams-up-against-the-pandemic-1\\\/#primaryimage\"},\"thumbnailUrl\":\"https:\\\/\\\/derigorefrigeration.com\\\/wp-content\\\/uploads\\\/2024\\\/02\\\/GROUP-SITO.jpg\",\"datePublished\":\"2021-02-21T23:00:00+00:00\",\"breadcrumb\":{\"@id\":\"https:\\\/\\\/derigorefrigeration.com\\\/fr\\\/nouvelles\\\/de-rigo-group-teams-up-against-the-pandemic-1\\\/#breadcrumb\"},\"inLanguage\":\"fr-FR\",\"potentialAction\":[{\"@type\":\"ReadAction\",\"target\":[\"https:\\\/\\\/derigorefrigeration.com\\\/fr\\\/nouvelles\\\/de-rigo-group-teams-up-against-the-pandemic-1\\\/\"]}]},{\"@type\":\"ImageObject\",\"inLanguage\":\"fr-FR\",\"@id\":\"https:\\\/\\\/derigorefrigeration.com\\\/fr\\\/nouvelles\\\/de-rigo-group-teams-up-against-the-pandemic-1\\\/#primaryimage\",\"url\":\"https:\\\/\\\/derigorefrigeration.com\\\/wp-content\\\/uploads\\\/2024\\\/02\\\/GROUP-SITO.jpg\",\"contentUrl\":\"https:\\\/\\\/derigorefrigeration.com\\\/wp-content\\\/uploads\\\/2024\\\/02\\\/GROUP-SITO.jpg\",\"width\":1280,\"height\":823,\"caption\":\"GROUP-SITO\"},{\"@type\":\"BreadcrumbList\",\"@id\":\"https:\\\/\\\/derigorefrigeration.com\\\/fr\\\/nouvelles\\\/de-rigo-group-teams-up-against-the-pandemic-1\\\/#breadcrumb\",\"itemListElement\":[{\"@type\":\"ListItem\",\"position\":1,\"name\":\"Home\",\"item\":\"https:\\\/\\\/derigorefrigeration.com\\\/fr\\\/\"},{\"@type\":\"ListItem\",\"position\":2,\"name\":\"De Rigo Group teams up against the pandemic\"}]},{\"@type\":\"WebSite\",\"@id\":\"https:\\\/\\\/derigorefrigeration.com\\\/fr\\\/#website\",\"url\":\"https:\\\/\\\/derigorefrigeration.com\\\/fr\\\/\",\"name\":\"De Rigo Refrigeration\",\"description\":\"Nous sommes fabricants de t\u00e9l\u00e9commandes, de modules, de chambres froides et d'unit\u00e9s de r\u00e9frig\u00e9ration depuis plus de 50 ans.\",\"publisher\":{\"@id\":\"https:\\\/\\\/derigorefrigeration.com\\\/fr\\\/#organization\"},\"alternateName\":\"DRR\",\"potentialAction\":[{\"@type\":\"SearchAction\",\"target\":{\"@type\":\"EntryPoint\",\"urlTemplate\":\"https:\\\/\\\/derigorefrigeration.com\\\/fr\\\/?s={search_term_string}\"},\"query-input\":{\"@type\":\"PropertyValueSpecification\",\"valueRequired\":true,\"valueName\":\"search_term_string\"}}],\"inLanguage\":\"fr-FR\"},{\"@type\":\"Organization\",\"@id\":\"https:\\\/\\\/derigorefrigeration.com\\\/fr\\\/#organization\",\"name\":\"De Rigo Refrigeration\",\"url\":\"https:\\\/\\\/derigorefrigeration.com\\\/fr\\\/\",\"logo\":{\"@type\":\"ImageObject\",\"inLanguage\":\"fr-FR\",\"@id\":\"https:\\\/\\\/derigorefrigeration.com\\\/fr\\\/#\\\/schema\\\/logo\\\/image\\\/\",\"url\":\"https:\\\/\\\/derigorefrigeration.com\\\/wp-content\\\/uploads\\\/2023\\\/11\\\/logo_de_rigo.svg\",\"contentUrl\":\"https:\\\/\\\/derigorefrigeration.com\\\/wp-content\\\/uploads\\\/2023\\\/11\\\/logo_de_rigo.svg\",\"width\":265,\"height\":56,\"caption\":\"De Rigo Refrigeration\"},\"image\":{\"@id\":\"https:\\\/\\\/derigorefrigeration.com\\\/fr\\\/#\\\/schema\\\/logo\\\/image\\\/\"}},{\"@type\":\"Person\",\"@id\":\"https:\\\/\\\/derigorefrigeration.com\\\/fr\\\/#\\\/schema\\\/person\\\/5925364b82d1760a027fd2e399486632\",\"name\":\"drrwkp\",\"sameAs\":[\"https:\\\/\\\/beaverlab.com\"],\"url\":\"https:\\\/\\\/derigorefrigeration.com\\\/fr\\\/author\\\/drrwkp\\\/\"}]}<\/script>\n<!-- \/ Yoast SEO plugin. -->","yoast_head_json":{"title":"De Rigo Group teams up against the pandemic - De Rigo Refrigeration","robots":{"index":"index","follow":"follow","max-snippet":"max-snippet:-1","max-image-preview":"max-image-preview:large","max-video-preview":"max-video-preview:-1"},"canonical":"https:\/\/derigorefrigeration.com\/fr\/nouvelles\/de-rigo-group-teams-up-against-the-pandemic-1\/","og_locale":"fr_FR","og_type":"article","og_title":"De Rigo Group teams up against the pandemic - De Rigo Refrigeration","og_description":"De Rigo Vision and De Rigo Refrigeration face market fluctuations by launching an agile organisational model to support the business and its workers","og_url":"https:\/\/derigorefrigeration.com\/fr\/nouvelles\/de-rigo-group-teams-up-against-the-pandemic-1\/","og_site_name":"De Rigo Refrigeration","article_published_time":"2021-02-21T23:00:00+00:00","og_image":[{"width":1280,"height":823,"url":"https:\/\/derigorefrigeration.com\/wp-content\/uploads\/2024\/02\/GROUP-SITO.jpg","type":"image\/jpeg"}],"author":"drrwkp","twitter_card":"summary_large_image","twitter_misc":{"\u00c9crit par":"drrwkp","Dur\u00e9e de lecture estim\u00e9e":"2 minutes"},"schema":{"@context":"https:\/\/schema.org","@graph":[{"@type":"Article","@id":"https:\/\/derigorefrigeration.com\/fr\/nouvelles\/de-rigo-group-teams-up-against-the-pandemic-1\/#article","isPartOf":{"@id":"https:\/\/derigorefrigeration.com\/fr\/nouvelles\/de-rigo-group-teams-up-against-the-pandemic-1\/"},"author":{"name":"drrwkp","@id":"https:\/\/derigorefrigeration.com\/fr\/#\/schema\/person\/5925364b82d1760a027fd2e399486632"},"headline":"De Rigo Group teams up against the pandemic","datePublished":"2021-02-21T23:00:00+00:00","mainEntityOfPage":{"@id":"https:\/\/derigorefrigeration.com\/fr\/nouvelles\/de-rigo-group-teams-up-against-the-pandemic-1\/"},"wordCount":406,"publisher":{"@id":"https:\/\/derigorefrigeration.com\/fr\/#organization"},"image":{"@id":"https:\/\/derigorefrigeration.com\/fr\/nouvelles\/de-rigo-group-teams-up-against-the-pandemic-1\/#primaryimage"},"thumbnailUrl":"https:\/\/derigorefrigeration.com\/wp-content\/uploads\/2024\/02\/GROUP-SITO.jpg","articleSection":["Nouvelles"],"inLanguage":"fr-FR"},{"@type":"WebPage","@id":"https:\/\/derigorefrigeration.com\/fr\/nouvelles\/de-rigo-group-teams-up-against-the-pandemic-1\/","url":"https:\/\/derigorefrigeration.com\/fr\/nouvelles\/de-rigo-group-teams-up-against-the-pandemic-1\/","name":"De Rigo Group teams up against the pandemic - De Rigo Refrigeration","isPartOf":{"@id":"https:\/\/derigorefrigeration.com\/fr\/#website"},"primaryImageOfPage":{"@id":"https:\/\/derigorefrigeration.com\/fr\/nouvelles\/de-rigo-group-teams-up-against-the-pandemic-1\/#primaryimage"},"image":{"@id":"https:\/\/derigorefrigeration.com\/fr\/nouvelles\/de-rigo-group-teams-up-against-the-pandemic-1\/#primaryimage"},"thumbnailUrl":"https:\/\/derigorefrigeration.com\/wp-content\/uploads\/2024\/02\/GROUP-SITO.jpg","datePublished":"2021-02-21T23:00:00+00:00","breadcrumb":{"@id":"https:\/\/derigorefrigeration.com\/fr\/nouvelles\/de-rigo-group-teams-up-against-the-pandemic-1\/#breadcrumb"},"inLanguage":"fr-FR","potentialAction":[{"@type":"ReadAction","target":["https:\/\/derigorefrigeration.com\/fr\/nouvelles\/de-rigo-group-teams-up-against-the-pandemic-1\/"]}]},{"@type":"ImageObject","inLanguage":"fr-FR","@id":"https:\/\/derigorefrigeration.com\/fr\/nouvelles\/de-rigo-group-teams-up-against-the-pandemic-1\/#primaryimage","url":"https:\/\/derigorefrigeration.com\/wp-content\/uploads\/2024\/02\/GROUP-SITO.jpg","contentUrl":"https:\/\/derigorefrigeration.com\/wp-content\/uploads\/2024\/02\/GROUP-SITO.jpg","width":1280,"height":823,"caption":"GROUP-SITO"},{"@type":"BreadcrumbList","@id":"https:\/\/derigorefrigeration.com\/fr\/nouvelles\/de-rigo-group-teams-up-against-the-pandemic-1\/#breadcrumb","itemListElement":[{"@type":"ListItem","position":1,"name":"Home","item":"https:\/\/derigorefrigeration.com\/fr\/"},{"@type":"ListItem","position":2,"name":"De Rigo Group teams up against the pandemic"}]},{"@type":"WebSite","@id":"https:\/\/derigorefrigeration.com\/fr\/#website","url":"https:\/\/derigorefrigeration.com\/fr\/","name":"De Rigo Refrigeration","description":"Nous sommes fabricants de t\u00e9l\u00e9commandes, de modules, de chambres froides et d'unit\u00e9s de r\u00e9frig\u00e9ration depuis plus de 50 ans.","publisher":{"@id":"https:\/\/derigorefrigeration.com\/fr\/#organization"},"alternateName":"DRR","potentialAction":[{"@type":"SearchAction","target":{"@type":"EntryPoint","urlTemplate":"https:\/\/derigorefrigeration.com\/fr\/?s={search_term_string}"},"query-input":{"@type":"PropertyValueSpecification","valueRequired":true,"valueName":"search_term_string"}}],"inLanguage":"fr-FR"},{"@type":"Organization","@id":"https:\/\/derigorefrigeration.com\/fr\/#organization","name":"De Rigo Refrigeration","url":"https:\/\/derigorefrigeration.com\/fr\/","logo":{"@type":"ImageObject","inLanguage":"fr-FR","@id":"https:\/\/derigorefrigeration.com\/fr\/#\/schema\/logo\/image\/","url":"https:\/\/derigorefrigeration.com\/wp-content\/uploads\/2023\/11\/logo_de_rigo.svg","contentUrl":"https:\/\/derigorefrigeration.com\/wp-content\/uploads\/2023\/11\/logo_de_rigo.svg","width":265,"height":56,"caption":"De Rigo Refrigeration"},"image":{"@id":"https:\/\/derigorefrigeration.com\/fr\/#\/schema\/logo\/image\/"}},{"@type":"Person","@id":"https:\/\/derigorefrigeration.com\/fr\/#\/schema\/person\/5925364b82d1760a027fd2e399486632","name":"drrwkp","sameAs":["https:\/\/beaverlab.com"],"url":"https:\/\/derigorefrigeration.com\/fr\/author\/drrwkp\/"}]}},"_links":{"self":[{"href":"https:\/\/derigorefrigeration.com\/fr\/wp-json\/wp\/v2\/posts\/93158","targetHints":{"allow":["GET"]}}],"collection":[{"href":"https:\/\/derigorefrigeration.com\/fr\/wp-json\/wp\/v2\/posts"}],"about":[{"href":"https:\/\/derigorefrigeration.com\/fr\/wp-json\/wp\/v2\/types\/post"}],"author":[{"embeddable":true,"href":"https:\/\/derigorefrigeration.com\/fr\/wp-json\/wp\/v2\/users\/1"}],"replies":[{"embeddable":true,"href":"https:\/\/derigorefrigeration.com\/fr\/wp-json\/wp\/v2\/comments?post=93158"}],"version-history":[{"count":0,"href":"https:\/\/derigorefrigeration.com\/fr\/wp-json\/wp\/v2\/posts\/93158\/revisions"}],"wp:featuredmedia":[{"embeddable":true,"href":"https:\/\/derigorefrigeration.com\/fr\/wp-json\/wp\/v2\/media\/24056"}],"wp:attachment":[{"href":"https:\/\/derigorefrigeration.com\/fr\/wp-json\/wp\/v2\/media?parent=93158"}],"wp:term":[{"taxonomy":"category","embeddable":true,"href":"https:\/\/derigorefrigeration.com\/fr\/wp-json\/wp\/v2\/categories?post=93158"},{"taxonomy":"post_tag","embeddable":true,"href":"https:\/\/derigorefrigeration.com\/fr\/wp-json\/wp\/v2\/tags?post=93158"},{"taxonomy":"location","embeddable":true,"href":"https:\/\/derigorefrigeration.com\/fr\/wp-json\/wp\/v2\/location?post=93158"}],"curies":[{"name":"wp","href":"https:\/\/api.w.org\/{rel}","templated":true}]}}