{"id":94397,"date":"2024-03-05T00:00:00","date_gmt":"2024-03-04T23:00:00","guid":{"rendered":"https:\/\/derigorefrigeration.com\/2024\/03\/05\/a-partir-d-aujourd-hui-notre-site-est-egalement-en-francais\/"},"modified":"2025-04-15T16:53:25","modified_gmt":"2025-04-15T14:53:25","slug":"a-partir-d-aujourd-hui-notre-site-est-egalement-en-francais","status":"publish","type":"post","link":"https:\/\/derigorefrigeration.com\/fr\/nouvelles\/a-partir-d-aujourd-hui-notre-site-est-egalement-en-francais\/","title":{"rendered":"A partir d&rsquo;aujourd&rsquo;hui notre site est \u00e9galement en fran\u00e7ais"},"content":{"rendered":"<p>\u00a0\u00c0 partir d\u2019aujourd&rsquo;hui vous pouvez acc\u00e9der \u00e0 tous nos contenus commerciaux, techniques et de communication \u00e9galement en fran\u00e7ais.<br \/>\nLa France, la Belgique et le Luxembourg sont pour nous des march\u00e9s importants et en constante expansion, mais nous sommes aussi pr\u00e9sents dans tous les pays d&rsquo;Afrique francophone.<br \/>\nL\u2019ann\u00e9e 2024 est caract\u00e9ris\u00e9e par des collaborations existantes et nouvelles qui se mat\u00e9rialiseront dans de beaux points de vente avec les meubles De Rigo ; cela gr\u00e2ce au travail important que fait l\u2019\u00e9quipe export dans ces zones, mais surtout \u00e0 la confiance que ces pays ont vers la soci\u00e9t\u00e9.<br \/>\nEt c&rsquo;est pourquoi nous souhaitons les accompagner dans le choix des produits les plus adapt\u00e9s \u00e0 leurs besoins, en mettant \u00e0 disposition tous les informations sur notre site directement en fran\u00e7ais.<br \/>\nAbonnez-vous \u00e0 notre site Web pour rester au courant des actualit\u00e9s de De Rigo Refrigeration, acc\u00e9der \u00e0 des contenus suppl\u00e9mentaires et suivez-nous sur Linkedin.<br \/>\nRestez connect\u00e9!<\/p>\n","protected":false},"excerpt":{"rendered":"<p> \u00c0 partir d\u2019aujourd&rsquo;hui vous pouvez acc\u00e9der \u00e0 tous nos contenus commerciaux, techniques et de communication \u00e9galement en fran\u00e7ais.<br \/>\nLa France, la Belgique et le Luxembourg sont pour nous des march\u00e9s importants et en constante expansion, mais nous sommes aussi pr\u00e9sents dans tous les pays d&rsquo;Afrique francophone&#8230;<\/p>\n","protected":false},"author":1,"featured_media":70352,"comment_status":"closed","ping_status":"closed","sticky":false,"template":"","format":"standard","meta":{"_acf_changed":false,"footnotes":""},"categories":[628],"tags":[],"location":[],"class_list":["post-94397","post","type-post","status-publish","format-standard","has-post-thumbnail","hentry","category-nouvelles"],"acf":[],"yoast_head":"<!-- This site is optimized with the Yoast SEO plugin v27.3 - https:\/\/yoast.com\/product\/yoast-seo-wordpress\/ -->\n<title>A partir d&#039;aujourd&#039;hui notre site est \u00e9galement en fran\u00e7ais - De Rigo Refrigeration<\/title>\n<meta name=\"robots\" content=\"index, follow, max-snippet:-1, max-image-preview:large, max-video-preview:-1\" \/>\n<link rel=\"canonical\" href=\"https:\/\/derigorefrigeration.com\/fr\/nouvelles\/a-partir-d-aujourd-hui-notre-site-est-egalement-en-francais\/\" \/>\n<meta property=\"og:locale\" content=\"fr_FR\" \/>\n<meta property=\"og:type\" content=\"article\" \/>\n<meta property=\"og:title\" content=\"A partir d&#039;aujourd&#039;hui notre site est \u00e9galement en fran\u00e7ais - De Rigo Refrigeration\" \/>\n<meta property=\"og:description\" content=\"\u00c0 partir d\u2019aujourd&#039;hui vous pouvez acc\u00e9der \u00e0 tous nos contenus commerciaux, techniques et de communication \u00e9galement en fran\u00e7ais. La France, la Belgique et le Luxembourg sont pour nous des march\u00e9s importants et en constante expansion, mais nous sommes aussi pr\u00e9sents dans tous les pays d&#039;Afrique francophone...\" \/>\n<meta property=\"og:url\" content=\"https:\/\/derigorefrigeration.com\/fr\/nouvelles\/a-partir-d-aujourd-hui-notre-site-est-egalement-en-francais\/\" \/>\n<meta property=\"og:site_name\" content=\"De Rigo Refrigeration\" \/>\n<meta property=\"article:published_time\" content=\"2024-03-04T23:00:00+00:00\" \/>\n<meta property=\"article:modified_time\" content=\"2025-04-15T14:53:25+00:00\" \/>\n<meta property=\"og:image\" content=\"https:\/\/derigorefrigeration.com\/wp-content\/uploads\/2024\/04\/Lancio-sito-francese.jpg\" \/>\n\t<meta property=\"og:image:width\" content=\"1280\" \/>\n\t<meta property=\"og:image:height\" content=\"853\" \/>\n\t<meta property=\"og:image:type\" content=\"image\/jpeg\" \/>\n<meta name=\"author\" content=\"drrwkp\" \/>\n<meta name=\"twitter:card\" content=\"summary_large_image\" \/>\n<meta name=\"twitter:label1\" content=\"\u00c9crit par\" \/>\n\t<meta name=\"twitter:data1\" content=\"drrwkp\" \/>\n\t<meta name=\"twitter:label2\" content=\"Dur\u00e9e de lecture estim\u00e9e\" \/>\n\t<meta name=\"twitter:data2\" content=\"2 minutes\" \/>\n<script type=\"application\/ld+json\" class=\"yoast-schema-graph\">{\"@context\":\"https:\\\/\\\/schema.org\",\"@graph\":[{\"@type\":\"Article\",\"@id\":\"https:\\\/\\\/derigorefrigeration.com\\\/fr\\\/nouvelles\\\/a-partir-d-aujourd-hui-notre-site-est-egalement-en-francais\\\/#article\",\"isPartOf\":{\"@id\":\"https:\\\/\\\/derigorefrigeration.com\\\/fr\\\/nouvelles\\\/a-partir-d-aujourd-hui-notre-site-est-egalement-en-francais\\\/\"},\"author\":{\"name\":\"drrwkp\",\"@id\":\"https:\\\/\\\/derigorefrigeration.com\\\/fr\\\/#\\\/schema\\\/person\\\/5925364b82d1760a027fd2e399486632\"},\"headline\":\"A partir d&rsquo;aujourd&rsquo;hui notre site est \u00e9galement en fran\u00e7ais\",\"datePublished\":\"2024-03-04T23:00:00+00:00\",\"dateModified\":\"2025-04-15T14:53:25+00:00\",\"mainEntityOfPage\":{\"@id\":\"https:\\\/\\\/derigorefrigeration.com\\\/fr\\\/nouvelles\\\/a-partir-d-aujourd-hui-notre-site-est-egalement-en-francais\\\/\"},\"wordCount\":176,\"publisher\":{\"@id\":\"https:\\\/\\\/derigorefrigeration.com\\\/fr\\\/#organization\"},\"image\":{\"@id\":\"https:\\\/\\\/derigorefrigeration.com\\\/fr\\\/nouvelles\\\/a-partir-d-aujourd-hui-notre-site-est-egalement-en-francais\\\/#primaryimage\"},\"thumbnailUrl\":\"https:\\\/\\\/derigorefrigeration.com\\\/wp-content\\\/uploads\\\/2024\\\/04\\\/Lancio-sito-francese.jpg\",\"articleSection\":[\"Nouvelles\"],\"inLanguage\":\"fr-FR\"},{\"@type\":\"WebPage\",\"@id\":\"https:\\\/\\\/derigorefrigeration.com\\\/fr\\\/nouvelles\\\/a-partir-d-aujourd-hui-notre-site-est-egalement-en-francais\\\/\",\"url\":\"https:\\\/\\\/derigorefrigeration.com\\\/fr\\\/nouvelles\\\/a-partir-d-aujourd-hui-notre-site-est-egalement-en-francais\\\/\",\"name\":\"A partir d'aujourd'hui notre site est \u00e9galement en fran\u00e7ais - De Rigo Refrigeration\",\"isPartOf\":{\"@id\":\"https:\\\/\\\/derigorefrigeration.com\\\/fr\\\/#website\"},\"primaryImageOfPage\":{\"@id\":\"https:\\\/\\\/derigorefrigeration.com\\\/fr\\\/nouvelles\\\/a-partir-d-aujourd-hui-notre-site-est-egalement-en-francais\\\/#primaryimage\"},\"image\":{\"@id\":\"https:\\\/\\\/derigorefrigeration.com\\\/fr\\\/nouvelles\\\/a-partir-d-aujourd-hui-notre-site-est-egalement-en-francais\\\/#primaryimage\"},\"thumbnailUrl\":\"https:\\\/\\\/derigorefrigeration.com\\\/wp-content\\\/uploads\\\/2024\\\/04\\\/Lancio-sito-francese.jpg\",\"datePublished\":\"2024-03-04T23:00:00+00:00\",\"dateModified\":\"2025-04-15T14:53:25+00:00\",\"breadcrumb\":{\"@id\":\"https:\\\/\\\/derigorefrigeration.com\\\/fr\\\/nouvelles\\\/a-partir-d-aujourd-hui-notre-site-est-egalement-en-francais\\\/#breadcrumb\"},\"inLanguage\":\"fr-FR\",\"potentialAction\":[{\"@type\":\"ReadAction\",\"target\":[\"https:\\\/\\\/derigorefrigeration.com\\\/fr\\\/nouvelles\\\/a-partir-d-aujourd-hui-notre-site-est-egalement-en-francais\\\/\"]}]},{\"@type\":\"ImageObject\",\"inLanguage\":\"fr-FR\",\"@id\":\"https:\\\/\\\/derigorefrigeration.com\\\/fr\\\/nouvelles\\\/a-partir-d-aujourd-hui-notre-site-est-egalement-en-francais\\\/#primaryimage\",\"url\":\"https:\\\/\\\/derigorefrigeration.com\\\/wp-content\\\/uploads\\\/2024\\\/04\\\/Lancio-sito-francese.jpg\",\"contentUrl\":\"https:\\\/\\\/derigorefrigeration.com\\\/wp-content\\\/uploads\\\/2024\\\/04\\\/Lancio-sito-francese.jpg\",\"width\":1280,\"height\":853,\"caption\":\"Lancio sito francese\"},{\"@type\":\"BreadcrumbList\",\"@id\":\"https:\\\/\\\/derigorefrigeration.com\\\/fr\\\/nouvelles\\\/a-partir-d-aujourd-hui-notre-site-est-egalement-en-francais\\\/#breadcrumb\",\"itemListElement\":[{\"@type\":\"ListItem\",\"position\":1,\"name\":\"Home\",\"item\":\"https:\\\/\\\/derigorefrigeration.com\\\/fr\\\/\"},{\"@type\":\"ListItem\",\"position\":2,\"name\":\"A partir d&#8217;aujourd&#8217;hui notre site est \u00e9galement en fran\u00e7ais\"}]},{\"@type\":\"WebSite\",\"@id\":\"https:\\\/\\\/derigorefrigeration.com\\\/fr\\\/#website\",\"url\":\"https:\\\/\\\/derigorefrigeration.com\\\/fr\\\/\",\"name\":\"De Rigo Refrigeration\",\"description\":\"Nous sommes fabricants de t\u00e9l\u00e9commandes, de modules, de chambres froides et d'unit\u00e9s de r\u00e9frig\u00e9ration depuis plus de 50 ans.\",\"publisher\":{\"@id\":\"https:\\\/\\\/derigorefrigeration.com\\\/fr\\\/#organization\"},\"alternateName\":\"DRR\",\"potentialAction\":[{\"@type\":\"SearchAction\",\"target\":{\"@type\":\"EntryPoint\",\"urlTemplate\":\"https:\\\/\\\/derigorefrigeration.com\\\/fr\\\/?s={search_term_string}\"},\"query-input\":{\"@type\":\"PropertyValueSpecification\",\"valueRequired\":true,\"valueName\":\"search_term_string\"}}],\"inLanguage\":\"fr-FR\"},{\"@type\":\"Organization\",\"@id\":\"https:\\\/\\\/derigorefrigeration.com\\\/fr\\\/#organization\",\"name\":\"De Rigo Refrigeration\",\"url\":\"https:\\\/\\\/derigorefrigeration.com\\\/fr\\\/\",\"logo\":{\"@type\":\"ImageObject\",\"inLanguage\":\"fr-FR\",\"@id\":\"https:\\\/\\\/derigorefrigeration.com\\\/fr\\\/#\\\/schema\\\/logo\\\/image\\\/\",\"url\":\"https:\\\/\\\/derigorefrigeration.com\\\/wp-content\\\/uploads\\\/2023\\\/11\\\/logo_de_rigo.svg\",\"contentUrl\":\"https:\\\/\\\/derigorefrigeration.com\\\/wp-content\\\/uploads\\\/2023\\\/11\\\/logo_de_rigo.svg\",\"width\":265,\"height\":56,\"caption\":\"De Rigo Refrigeration\"},\"image\":{\"@id\":\"https:\\\/\\\/derigorefrigeration.com\\\/fr\\\/#\\\/schema\\\/logo\\\/image\\\/\"}},{\"@type\":\"Person\",\"@id\":\"https:\\\/\\\/derigorefrigeration.com\\\/fr\\\/#\\\/schema\\\/person\\\/5925364b82d1760a027fd2e399486632\",\"name\":\"drrwkp\",\"sameAs\":[\"https:\\\/\\\/beaverlab.com\"],\"url\":\"https:\\\/\\\/derigorefrigeration.com\\\/fr\\\/author\\\/drrwkp\\\/\"}]}<\/script>\n<!-- \/ Yoast SEO plugin. -->","yoast_head_json":{"title":"A partir d'aujourd'hui notre site est \u00e9galement en fran\u00e7ais - De Rigo Refrigeration","robots":{"index":"index","follow":"follow","max-snippet":"max-snippet:-1","max-image-preview":"max-image-preview:large","max-video-preview":"max-video-preview:-1"},"canonical":"https:\/\/derigorefrigeration.com\/fr\/nouvelles\/a-partir-d-aujourd-hui-notre-site-est-egalement-en-francais\/","og_locale":"fr_FR","og_type":"article","og_title":"A partir d'aujourd'hui notre site est \u00e9galement en fran\u00e7ais - De Rigo Refrigeration","og_description":"\u00c0 partir d\u2019aujourd'hui vous pouvez acc\u00e9der \u00e0 tous nos contenus commerciaux, techniques et de communication \u00e9galement en fran\u00e7ais. La France, la Belgique et le Luxembourg sont pour nous des march\u00e9s importants et en constante expansion, mais nous sommes aussi pr\u00e9sents dans tous les pays d'Afrique francophone...","og_url":"https:\/\/derigorefrigeration.com\/fr\/nouvelles\/a-partir-d-aujourd-hui-notre-site-est-egalement-en-francais\/","og_site_name":"De Rigo Refrigeration","article_published_time":"2024-03-04T23:00:00+00:00","article_modified_time":"2025-04-15T14:53:25+00:00","og_image":[{"width":1280,"height":853,"url":"https:\/\/derigorefrigeration.com\/wp-content\/uploads\/2024\/04\/Lancio-sito-francese.jpg","type":"image\/jpeg"}],"author":"drrwkp","twitter_card":"summary_large_image","twitter_misc":{"\u00c9crit par":"drrwkp","Dur\u00e9e de lecture estim\u00e9e":"2 minutes"},"schema":{"@context":"https:\/\/schema.org","@graph":[{"@type":"Article","@id":"https:\/\/derigorefrigeration.com\/fr\/nouvelles\/a-partir-d-aujourd-hui-notre-site-est-egalement-en-francais\/#article","isPartOf":{"@id":"https:\/\/derigorefrigeration.com\/fr\/nouvelles\/a-partir-d-aujourd-hui-notre-site-est-egalement-en-francais\/"},"author":{"name":"drrwkp","@id":"https:\/\/derigorefrigeration.com\/fr\/#\/schema\/person\/5925364b82d1760a027fd2e399486632"},"headline":"A partir d&rsquo;aujourd&rsquo;hui notre site est \u00e9galement en fran\u00e7ais","datePublished":"2024-03-04T23:00:00+00:00","dateModified":"2025-04-15T14:53:25+00:00","mainEntityOfPage":{"@id":"https:\/\/derigorefrigeration.com\/fr\/nouvelles\/a-partir-d-aujourd-hui-notre-site-est-egalement-en-francais\/"},"wordCount":176,"publisher":{"@id":"https:\/\/derigorefrigeration.com\/fr\/#organization"},"image":{"@id":"https:\/\/derigorefrigeration.com\/fr\/nouvelles\/a-partir-d-aujourd-hui-notre-site-est-egalement-en-francais\/#primaryimage"},"thumbnailUrl":"https:\/\/derigorefrigeration.com\/wp-content\/uploads\/2024\/04\/Lancio-sito-francese.jpg","articleSection":["Nouvelles"],"inLanguage":"fr-FR"},{"@type":"WebPage","@id":"https:\/\/derigorefrigeration.com\/fr\/nouvelles\/a-partir-d-aujourd-hui-notre-site-est-egalement-en-francais\/","url":"https:\/\/derigorefrigeration.com\/fr\/nouvelles\/a-partir-d-aujourd-hui-notre-site-est-egalement-en-francais\/","name":"A partir d'aujourd'hui notre site est \u00e9galement en fran\u00e7ais - De Rigo Refrigeration","isPartOf":{"@id":"https:\/\/derigorefrigeration.com\/fr\/#website"},"primaryImageOfPage":{"@id":"https:\/\/derigorefrigeration.com\/fr\/nouvelles\/a-partir-d-aujourd-hui-notre-site-est-egalement-en-francais\/#primaryimage"},"image":{"@id":"https:\/\/derigorefrigeration.com\/fr\/nouvelles\/a-partir-d-aujourd-hui-notre-site-est-egalement-en-francais\/#primaryimage"},"thumbnailUrl":"https:\/\/derigorefrigeration.com\/wp-content\/uploads\/2024\/04\/Lancio-sito-francese.jpg","datePublished":"2024-03-04T23:00:00+00:00","dateModified":"2025-04-15T14:53:25+00:00","breadcrumb":{"@id":"https:\/\/derigorefrigeration.com\/fr\/nouvelles\/a-partir-d-aujourd-hui-notre-site-est-egalement-en-francais\/#breadcrumb"},"inLanguage":"fr-FR","potentialAction":[{"@type":"ReadAction","target":["https:\/\/derigorefrigeration.com\/fr\/nouvelles\/a-partir-d-aujourd-hui-notre-site-est-egalement-en-francais\/"]}]},{"@type":"ImageObject","inLanguage":"fr-FR","@id":"https:\/\/derigorefrigeration.com\/fr\/nouvelles\/a-partir-d-aujourd-hui-notre-site-est-egalement-en-francais\/#primaryimage","url":"https:\/\/derigorefrigeration.com\/wp-content\/uploads\/2024\/04\/Lancio-sito-francese.jpg","contentUrl":"https:\/\/derigorefrigeration.com\/wp-content\/uploads\/2024\/04\/Lancio-sito-francese.jpg","width":1280,"height":853,"caption":"Lancio sito francese"},{"@type":"BreadcrumbList","@id":"https:\/\/derigorefrigeration.com\/fr\/nouvelles\/a-partir-d-aujourd-hui-notre-site-est-egalement-en-francais\/#breadcrumb","itemListElement":[{"@type":"ListItem","position":1,"name":"Home","item":"https:\/\/derigorefrigeration.com\/fr\/"},{"@type":"ListItem","position":2,"name":"A partir d&#8217;aujourd&#8217;hui notre site est \u00e9galement en fran\u00e7ais"}]},{"@type":"WebSite","@id":"https:\/\/derigorefrigeration.com\/fr\/#website","url":"https:\/\/derigorefrigeration.com\/fr\/","name":"De Rigo Refrigeration","description":"Nous sommes fabricants de t\u00e9l\u00e9commandes, de modules, de chambres froides et d'unit\u00e9s de r\u00e9frig\u00e9ration depuis plus de 50 ans.","publisher":{"@id":"https:\/\/derigorefrigeration.com\/fr\/#organization"},"alternateName":"DRR","potentialAction":[{"@type":"SearchAction","target":{"@type":"EntryPoint","urlTemplate":"https:\/\/derigorefrigeration.com\/fr\/?s={search_term_string}"},"query-input":{"@type":"PropertyValueSpecification","valueRequired":true,"valueName":"search_term_string"}}],"inLanguage":"fr-FR"},{"@type":"Organization","@id":"https:\/\/derigorefrigeration.com\/fr\/#organization","name":"De Rigo Refrigeration","url":"https:\/\/derigorefrigeration.com\/fr\/","logo":{"@type":"ImageObject","inLanguage":"fr-FR","@id":"https:\/\/derigorefrigeration.com\/fr\/#\/schema\/logo\/image\/","url":"https:\/\/derigorefrigeration.com\/wp-content\/uploads\/2023\/11\/logo_de_rigo.svg","contentUrl":"https:\/\/derigorefrigeration.com\/wp-content\/uploads\/2023\/11\/logo_de_rigo.svg","width":265,"height":56,"caption":"De Rigo Refrigeration"},"image":{"@id":"https:\/\/derigorefrigeration.com\/fr\/#\/schema\/logo\/image\/"}},{"@type":"Person","@id":"https:\/\/derigorefrigeration.com\/fr\/#\/schema\/person\/5925364b82d1760a027fd2e399486632","name":"drrwkp","sameAs":["https:\/\/beaverlab.com"],"url":"https:\/\/derigorefrigeration.com\/fr\/author\/drrwkp\/"}]}},"_links":{"self":[{"href":"https:\/\/derigorefrigeration.com\/fr\/wp-json\/wp\/v2\/posts\/94397","targetHints":{"allow":["GET"]}}],"collection":[{"href":"https:\/\/derigorefrigeration.com\/fr\/wp-json\/wp\/v2\/posts"}],"about":[{"href":"https:\/\/derigorefrigeration.com\/fr\/wp-json\/wp\/v2\/types\/post"}],"author":[{"embeddable":true,"href":"https:\/\/derigorefrigeration.com\/fr\/wp-json\/wp\/v2\/users\/1"}],"replies":[{"embeddable":true,"href":"https:\/\/derigorefrigeration.com\/fr\/wp-json\/wp\/v2\/comments?post=94397"}],"version-history":[{"count":1,"href":"https:\/\/derigorefrigeration.com\/fr\/wp-json\/wp\/v2\/posts\/94397\/revisions"}],"predecessor-version":[{"id":101442,"href":"https:\/\/derigorefrigeration.com\/fr\/wp-json\/wp\/v2\/posts\/94397\/revisions\/101442"}],"wp:featuredmedia":[{"embeddable":true,"href":"https:\/\/derigorefrigeration.com\/fr\/wp-json\/wp\/v2\/media\/70352"}],"wp:attachment":[{"href":"https:\/\/derigorefrigeration.com\/fr\/wp-json\/wp\/v2\/media?parent=94397"}],"wp:term":[{"taxonomy":"category","embeddable":true,"href":"https:\/\/derigorefrigeration.com\/fr\/wp-json\/wp\/v2\/categories?post=94397"},{"taxonomy":"post_tag","embeddable":true,"href":"https:\/\/derigorefrigeration.com\/fr\/wp-json\/wp\/v2\/tags?post=94397"},{"taxonomy":"location","embeddable":true,"href":"https:\/\/derigorefrigeration.com\/fr\/wp-json\/wp\/v2\/location?post=94397"}],"curies":[{"name":"wp","href":"https:\/\/api.w.org\/{rel}","templated":true}]}}