{"id":94407,"date":"2024-04-09T00:00:00","date_gmt":"2024-04-08T22:00:00","guid":{"rendered":"https:\/\/derigorefrigeration.com\/2024\/04\/09\/les-rh-la-sante-et-la-securite-au-travail-sont-etroitement-liees-pour-creer-une-culture-d-entreprise\/"},"modified":"2024-04-09T00:00:00","modified_gmt":"2024-04-08T22:00:00","slug":"les-rh-la-sante-et-la-securite-au-travail-sont-etroitement-liees-pour-creer-une-culture-d-entreprise","status":"publish","type":"post","link":"https:\/\/derigorefrigeration.com\/fr\/nouvelles\/les-rh-la-sante-et-la-securite-au-travail-sont-etroitement-liees-pour-creer-une-culture-d-entreprise\/","title":{"rendered":"Les RH, la sant\u00e9 et la s\u00e9curit\u00e9 au travail sont \u00e9troitement li\u00e9es pour cr\u00e9er une culture d&rsquo;entreprise"},"content":{"rendered":"<p>On parle de nous dans le dernier num&eacute;ro du magazine ISL, un magazine mensuel du type juridique et d&rsquo;orientation technique sur la s&eacute;curit&eacute; et l&#39;hygi&egrave;ne au travail.<br \/>\n&laquo; RH, production et SGSSL : les exp&eacute;riences des entreprises &raquo; est le titre de l&#39;int&eacute;ressant article, sign&eacute; par Flavio Battiston, qui fait partie d&#39;un recueil d&#39;exp&eacute;riences d&#39;entreprises que le magazine consacre au th&egrave;me de la s&eacute;curit&eacute;, du climat interne et de la production pour l&#39;efficacit&eacute; des organisations. Une r&eacute;flexion &agrave; plusieurs voix sur la relation entre la promotion des ressources humaines, la production et la protection de la sant&eacute; et de la s&eacute;curit&eacute; au travail.<br \/>\nLes intervenants de De Rigo Refrigeration &eacute;taient Graziella Bortot, responsable des ressources humaines et Loris Guolla, RSPP &ndash; RSG, qui ont &eacute;voqu&eacute; les changements substantiels d&#39;organisation et de gestion op&eacute;r&eacute;s par notre entreprise pendant ces derni&egrave;res ann&eacute;es, avec des investissements importants en termes de s&eacute;curit&eacute;, de formation et de mise en &oelig;uvre des comp&eacute;tences. Une vision plus unitaire du syst&egrave;me d&#39;entreprise a &eacute;t&eacute; introduite, qui a amen&eacute; les diff&eacute;rentes fonctions de l&#39;entreprise &agrave; interagir, en favorisant notamment le partage des choix en mati&egrave;re de protection de la sant&eacute; et de s&eacute;curit&eacute; et de gestion des ressources humaines.<br \/>\n&nbsp; L&#39;un des principaux objectifs de la RRC est en effet d&#39;orienter la question de la sant&eacute; et de la s&eacute;curit&eacute; des employ&eacute;s vers un concept de &laquo; bien-&ecirc;tre en entreprise &raquo; et de le mettre en pratique &agrave; travers notre&nbsp; mod&egrave;le&nbsp; de gestion organisationnelle qui se nourrisse gr&acirc;ce aux ressources du futur de mani&egrave;re autonome.<\/p>\n<p>L&#39;article complet en italien est disponible <a href=\"https:\/\/derigorefrigeration.com\/media\/11974\/ISL2024_02_81-3.pdf\">ICI<\/a><\/p>\n","protected":false},"excerpt":{"rendered":"<p>On parle de nous dans le dernier num\u00e9ro du magazine ISL, un magazine mensuel du type juridique et d\u2019orientation technique sur la s\u00e9curit\u00e9 et l&rsquo;hygi\u00e8ne au travail. \u00ab RH, production et SGSSL : les exp\u00e9riences des entreprises \u00bb est le titre de l&rsquo;int\u00e9ressant article&#8230;<\/p>\n","protected":false},"author":1,"featured_media":68309,"comment_status":"closed","ping_status":"closed","sticky":false,"template":"","format":"standard","meta":{"_acf_changed":false,"footnotes":""},"categories":[628],"tags":[],"location":[],"class_list":["post-94407","post","type-post","status-publish","format-standard","has-post-thumbnail","hentry","category-nouvelles"],"acf":[],"yoast_head":"<!-- This site is optimized with the Yoast SEO plugin v27.3 - https:\/\/yoast.com\/product\/yoast-seo-wordpress\/ -->\n<title>Les RH, la sant\u00e9 et la s\u00e9curit\u00e9 au travail sont \u00e9troitement li\u00e9es pour cr\u00e9er une culture d&#039;entreprise - De Rigo Refrigeration<\/title>\n<meta name=\"robots\" content=\"index, follow, max-snippet:-1, max-image-preview:large, max-video-preview:-1\" \/>\n<link rel=\"canonical\" href=\"https:\/\/derigorefrigeration.com\/fr\/nouvelles\/les-rh-la-sante-et-la-securite-au-travail-sont-etroitement-liees-pour-creer-une-culture-d-entreprise\/\" \/>\n<meta property=\"og:locale\" content=\"fr_FR\" \/>\n<meta property=\"og:type\" content=\"article\" \/>\n<meta property=\"og:title\" content=\"Les RH, la sant\u00e9 et la s\u00e9curit\u00e9 au travail sont \u00e9troitement li\u00e9es pour cr\u00e9er une culture d&#039;entreprise - De Rigo Refrigeration\" \/>\n<meta property=\"og:description\" content=\"On parle de nous dans le dernier num\u00e9ro du magazine ISL, un magazine mensuel du type juridique et d\u2019orientation technique sur la s\u00e9curit\u00e9 et l&#039;hygi\u00e8ne au travail. \u00ab RH, production et SGSSL : les exp\u00e9riences des entreprises \u00bb est le titre de l&#039;int\u00e9ressant article...\" \/>\n<meta property=\"og:url\" content=\"https:\/\/derigorefrigeration.com\/fr\/nouvelles\/les-rh-la-sante-et-la-securite-au-travail-sont-etroitement-liees-pour-creer-une-culture-d-entreprise\/\" \/>\n<meta property=\"og:site_name\" content=\"De Rigo Refrigeration\" \/>\n<meta property=\"article:published_time\" content=\"2024-04-08T22:00:00+00:00\" \/>\n<meta property=\"og:image\" content=\"https:\/\/derigorefrigeration.com\/wp-content\/uploads\/2024\/04\/onthepress_ISL.jpg\" \/>\n\t<meta property=\"og:image:width\" content=\"1280\" \/>\n\t<meta property=\"og:image:height\" content=\"823\" \/>\n\t<meta property=\"og:image:type\" content=\"image\/jpeg\" \/>\n<meta name=\"author\" content=\"drrwkp\" \/>\n<meta name=\"twitter:card\" content=\"summary_large_image\" \/>\n<meta name=\"twitter:label1\" content=\"\u00c9crit par\" \/>\n\t<meta name=\"twitter:data1\" content=\"drrwkp\" \/>\n\t<meta name=\"twitter:label2\" content=\"Dur\u00e9e de lecture estim\u00e9e\" \/>\n\t<meta name=\"twitter:data2\" content=\"2 minutes\" \/>\n<script type=\"application\/ld+json\" class=\"yoast-schema-graph\">{\"@context\":\"https:\\\/\\\/schema.org\",\"@graph\":[{\"@type\":\"Article\",\"@id\":\"https:\\\/\\\/derigorefrigeration.com\\\/fr\\\/nouvelles\\\/les-rh-la-sante-et-la-securite-au-travail-sont-etroitement-liees-pour-creer-une-culture-d-entreprise\\\/#article\",\"isPartOf\":{\"@id\":\"https:\\\/\\\/derigorefrigeration.com\\\/fr\\\/nouvelles\\\/les-rh-la-sante-et-la-securite-au-travail-sont-etroitement-liees-pour-creer-une-culture-d-entreprise\\\/\"},\"author\":{\"name\":\"drrwkp\",\"@id\":\"https:\\\/\\\/derigorefrigeration.com\\\/fr\\\/#\\\/schema\\\/person\\\/5925364b82d1760a027fd2e399486632\"},\"headline\":\"Les RH, la sant\u00e9 et la s\u00e9curit\u00e9 au travail sont \u00e9troitement li\u00e9es pour cr\u00e9er une culture d&rsquo;entreprise\",\"datePublished\":\"2024-04-08T22:00:00+00:00\",\"mainEntityOfPage\":{\"@id\":\"https:\\\/\\\/derigorefrigeration.com\\\/fr\\\/nouvelles\\\/les-rh-la-sante-et-la-securite-au-travail-sont-etroitement-liees-pour-creer-une-culture-d-entreprise\\\/\"},\"wordCount\":369,\"publisher\":{\"@id\":\"https:\\\/\\\/derigorefrigeration.com\\\/fr\\\/#organization\"},\"image\":{\"@id\":\"https:\\\/\\\/derigorefrigeration.com\\\/fr\\\/nouvelles\\\/les-rh-la-sante-et-la-securite-au-travail-sont-etroitement-liees-pour-creer-une-culture-d-entreprise\\\/#primaryimage\"},\"thumbnailUrl\":\"https:\\\/\\\/derigorefrigeration.com\\\/wp-content\\\/uploads\\\/2024\\\/04\\\/onthepress_ISL.jpg\",\"articleSection\":[\"Nouvelles\"],\"inLanguage\":\"fr-FR\"},{\"@type\":\"WebPage\",\"@id\":\"https:\\\/\\\/derigorefrigeration.com\\\/fr\\\/nouvelles\\\/les-rh-la-sante-et-la-securite-au-travail-sont-etroitement-liees-pour-creer-une-culture-d-entreprise\\\/\",\"url\":\"https:\\\/\\\/derigorefrigeration.com\\\/fr\\\/nouvelles\\\/les-rh-la-sante-et-la-securite-au-travail-sont-etroitement-liees-pour-creer-une-culture-d-entreprise\\\/\",\"name\":\"Les RH, la sant\u00e9 et la s\u00e9curit\u00e9 au travail sont \u00e9troitement li\u00e9es pour cr\u00e9er une culture d'entreprise - De Rigo Refrigeration\",\"isPartOf\":{\"@id\":\"https:\\\/\\\/derigorefrigeration.com\\\/fr\\\/#website\"},\"primaryImageOfPage\":{\"@id\":\"https:\\\/\\\/derigorefrigeration.com\\\/fr\\\/nouvelles\\\/les-rh-la-sante-et-la-securite-au-travail-sont-etroitement-liees-pour-creer-une-culture-d-entreprise\\\/#primaryimage\"},\"image\":{\"@id\":\"https:\\\/\\\/derigorefrigeration.com\\\/fr\\\/nouvelles\\\/les-rh-la-sante-et-la-securite-au-travail-sont-etroitement-liees-pour-creer-une-culture-d-entreprise\\\/#primaryimage\"},\"thumbnailUrl\":\"https:\\\/\\\/derigorefrigeration.com\\\/wp-content\\\/uploads\\\/2024\\\/04\\\/onthepress_ISL.jpg\",\"datePublished\":\"2024-04-08T22:00:00+00:00\",\"breadcrumb\":{\"@id\":\"https:\\\/\\\/derigorefrigeration.com\\\/fr\\\/nouvelles\\\/les-rh-la-sante-et-la-securite-au-travail-sont-etroitement-liees-pour-creer-une-culture-d-entreprise\\\/#breadcrumb\"},\"inLanguage\":\"fr-FR\",\"potentialAction\":[{\"@type\":\"ReadAction\",\"target\":[\"https:\\\/\\\/derigorefrigeration.com\\\/fr\\\/nouvelles\\\/les-rh-la-sante-et-la-securite-au-travail-sont-etroitement-liees-pour-creer-une-culture-d-entreprise\\\/\"]}]},{\"@type\":\"ImageObject\",\"inLanguage\":\"fr-FR\",\"@id\":\"https:\\\/\\\/derigorefrigeration.com\\\/fr\\\/nouvelles\\\/les-rh-la-sante-et-la-securite-au-travail-sont-etroitement-liees-pour-creer-une-culture-d-entreprise\\\/#primaryimage\",\"url\":\"https:\\\/\\\/derigorefrigeration.com\\\/wp-content\\\/uploads\\\/2024\\\/04\\\/onthepress_ISL.jpg\",\"contentUrl\":\"https:\\\/\\\/derigorefrigeration.com\\\/wp-content\\\/uploads\\\/2024\\\/04\\\/onthepress_ISL.jpg\",\"width\":1280,\"height\":823,\"caption\":\"onthepress_ISL\"},{\"@type\":\"BreadcrumbList\",\"@id\":\"https:\\\/\\\/derigorefrigeration.com\\\/fr\\\/nouvelles\\\/les-rh-la-sante-et-la-securite-au-travail-sont-etroitement-liees-pour-creer-une-culture-d-entreprise\\\/#breadcrumb\",\"itemListElement\":[{\"@type\":\"ListItem\",\"position\":1,\"name\":\"Home\",\"item\":\"https:\\\/\\\/derigorefrigeration.com\\\/fr\\\/\"},{\"@type\":\"ListItem\",\"position\":2,\"name\":\"Les RH, la sant\u00e9 et la s\u00e9curit\u00e9 au travail sont \u00e9troitement li\u00e9es pour cr\u00e9er une culture d&#8217;entreprise\"}]},{\"@type\":\"WebSite\",\"@id\":\"https:\\\/\\\/derigorefrigeration.com\\\/fr\\\/#website\",\"url\":\"https:\\\/\\\/derigorefrigeration.com\\\/fr\\\/\",\"name\":\"De Rigo Refrigeration\",\"description\":\"Nous sommes fabricants de t\u00e9l\u00e9commandes, de modules, de chambres froides et d'unit\u00e9s de r\u00e9frig\u00e9ration depuis plus de 50 ans.\",\"publisher\":{\"@id\":\"https:\\\/\\\/derigorefrigeration.com\\\/fr\\\/#organization\"},\"alternateName\":\"DRR\",\"potentialAction\":[{\"@type\":\"SearchAction\",\"target\":{\"@type\":\"EntryPoint\",\"urlTemplate\":\"https:\\\/\\\/derigorefrigeration.com\\\/fr\\\/?s={search_term_string}\"},\"query-input\":{\"@type\":\"PropertyValueSpecification\",\"valueRequired\":true,\"valueName\":\"search_term_string\"}}],\"inLanguage\":\"fr-FR\"},{\"@type\":\"Organization\",\"@id\":\"https:\\\/\\\/derigorefrigeration.com\\\/fr\\\/#organization\",\"name\":\"De Rigo Refrigeration\",\"url\":\"https:\\\/\\\/derigorefrigeration.com\\\/fr\\\/\",\"logo\":{\"@type\":\"ImageObject\",\"inLanguage\":\"fr-FR\",\"@id\":\"https:\\\/\\\/derigorefrigeration.com\\\/fr\\\/#\\\/schema\\\/logo\\\/image\\\/\",\"url\":\"https:\\\/\\\/derigorefrigeration.com\\\/wp-content\\\/uploads\\\/2023\\\/11\\\/logo_de_rigo.svg\",\"contentUrl\":\"https:\\\/\\\/derigorefrigeration.com\\\/wp-content\\\/uploads\\\/2023\\\/11\\\/logo_de_rigo.svg\",\"width\":265,\"height\":56,\"caption\":\"De Rigo Refrigeration\"},\"image\":{\"@id\":\"https:\\\/\\\/derigorefrigeration.com\\\/fr\\\/#\\\/schema\\\/logo\\\/image\\\/\"}},{\"@type\":\"Person\",\"@id\":\"https:\\\/\\\/derigorefrigeration.com\\\/fr\\\/#\\\/schema\\\/person\\\/5925364b82d1760a027fd2e399486632\",\"name\":\"drrwkp\",\"sameAs\":[\"https:\\\/\\\/beaverlab.com\"],\"url\":\"https:\\\/\\\/derigorefrigeration.com\\\/fr\\\/author\\\/drrwkp\\\/\"}]}<\/script>\n<!-- \/ Yoast SEO plugin. -->","yoast_head_json":{"title":"Les RH, la sant\u00e9 et la s\u00e9curit\u00e9 au travail sont \u00e9troitement li\u00e9es pour cr\u00e9er une culture d'entreprise - De Rigo Refrigeration","robots":{"index":"index","follow":"follow","max-snippet":"max-snippet:-1","max-image-preview":"max-image-preview:large","max-video-preview":"max-video-preview:-1"},"canonical":"https:\/\/derigorefrigeration.com\/fr\/nouvelles\/les-rh-la-sante-et-la-securite-au-travail-sont-etroitement-liees-pour-creer-une-culture-d-entreprise\/","og_locale":"fr_FR","og_type":"article","og_title":"Les RH, la sant\u00e9 et la s\u00e9curit\u00e9 au travail sont \u00e9troitement li\u00e9es pour cr\u00e9er une culture d'entreprise - De Rigo Refrigeration","og_description":"On parle de nous dans le dernier num\u00e9ro du magazine ISL, un magazine mensuel du type juridique et d\u2019orientation technique sur la s\u00e9curit\u00e9 et l'hygi\u00e8ne au travail. \u00ab RH, production et SGSSL : les exp\u00e9riences des entreprises \u00bb est le titre de l'int\u00e9ressant article...","og_url":"https:\/\/derigorefrigeration.com\/fr\/nouvelles\/les-rh-la-sante-et-la-securite-au-travail-sont-etroitement-liees-pour-creer-une-culture-d-entreprise\/","og_site_name":"De Rigo Refrigeration","article_published_time":"2024-04-08T22:00:00+00:00","og_image":[{"width":1280,"height":823,"url":"https:\/\/derigorefrigeration.com\/wp-content\/uploads\/2024\/04\/onthepress_ISL.jpg","type":"image\/jpeg"}],"author":"drrwkp","twitter_card":"summary_large_image","twitter_misc":{"\u00c9crit par":"drrwkp","Dur\u00e9e de lecture estim\u00e9e":"2 minutes"},"schema":{"@context":"https:\/\/schema.org","@graph":[{"@type":"Article","@id":"https:\/\/derigorefrigeration.com\/fr\/nouvelles\/les-rh-la-sante-et-la-securite-au-travail-sont-etroitement-liees-pour-creer-une-culture-d-entreprise\/#article","isPartOf":{"@id":"https:\/\/derigorefrigeration.com\/fr\/nouvelles\/les-rh-la-sante-et-la-securite-au-travail-sont-etroitement-liees-pour-creer-une-culture-d-entreprise\/"},"author":{"name":"drrwkp","@id":"https:\/\/derigorefrigeration.com\/fr\/#\/schema\/person\/5925364b82d1760a027fd2e399486632"},"headline":"Les RH, la sant\u00e9 et la s\u00e9curit\u00e9 au travail sont \u00e9troitement li\u00e9es pour cr\u00e9er une culture d&rsquo;entreprise","datePublished":"2024-04-08T22:00:00+00:00","mainEntityOfPage":{"@id":"https:\/\/derigorefrigeration.com\/fr\/nouvelles\/les-rh-la-sante-et-la-securite-au-travail-sont-etroitement-liees-pour-creer-une-culture-d-entreprise\/"},"wordCount":369,"publisher":{"@id":"https:\/\/derigorefrigeration.com\/fr\/#organization"},"image":{"@id":"https:\/\/derigorefrigeration.com\/fr\/nouvelles\/les-rh-la-sante-et-la-securite-au-travail-sont-etroitement-liees-pour-creer-une-culture-d-entreprise\/#primaryimage"},"thumbnailUrl":"https:\/\/derigorefrigeration.com\/wp-content\/uploads\/2024\/04\/onthepress_ISL.jpg","articleSection":["Nouvelles"],"inLanguage":"fr-FR"},{"@type":"WebPage","@id":"https:\/\/derigorefrigeration.com\/fr\/nouvelles\/les-rh-la-sante-et-la-securite-au-travail-sont-etroitement-liees-pour-creer-une-culture-d-entreprise\/","url":"https:\/\/derigorefrigeration.com\/fr\/nouvelles\/les-rh-la-sante-et-la-securite-au-travail-sont-etroitement-liees-pour-creer-une-culture-d-entreprise\/","name":"Les RH, la sant\u00e9 et la s\u00e9curit\u00e9 au travail sont \u00e9troitement li\u00e9es pour cr\u00e9er une culture d'entreprise - De Rigo Refrigeration","isPartOf":{"@id":"https:\/\/derigorefrigeration.com\/fr\/#website"},"primaryImageOfPage":{"@id":"https:\/\/derigorefrigeration.com\/fr\/nouvelles\/les-rh-la-sante-et-la-securite-au-travail-sont-etroitement-liees-pour-creer-une-culture-d-entreprise\/#primaryimage"},"image":{"@id":"https:\/\/derigorefrigeration.com\/fr\/nouvelles\/les-rh-la-sante-et-la-securite-au-travail-sont-etroitement-liees-pour-creer-une-culture-d-entreprise\/#primaryimage"},"thumbnailUrl":"https:\/\/derigorefrigeration.com\/wp-content\/uploads\/2024\/04\/onthepress_ISL.jpg","datePublished":"2024-04-08T22:00:00+00:00","breadcrumb":{"@id":"https:\/\/derigorefrigeration.com\/fr\/nouvelles\/les-rh-la-sante-et-la-securite-au-travail-sont-etroitement-liees-pour-creer-une-culture-d-entreprise\/#breadcrumb"},"inLanguage":"fr-FR","potentialAction":[{"@type":"ReadAction","target":["https:\/\/derigorefrigeration.com\/fr\/nouvelles\/les-rh-la-sante-et-la-securite-au-travail-sont-etroitement-liees-pour-creer-une-culture-d-entreprise\/"]}]},{"@type":"ImageObject","inLanguage":"fr-FR","@id":"https:\/\/derigorefrigeration.com\/fr\/nouvelles\/les-rh-la-sante-et-la-securite-au-travail-sont-etroitement-liees-pour-creer-une-culture-d-entreprise\/#primaryimage","url":"https:\/\/derigorefrigeration.com\/wp-content\/uploads\/2024\/04\/onthepress_ISL.jpg","contentUrl":"https:\/\/derigorefrigeration.com\/wp-content\/uploads\/2024\/04\/onthepress_ISL.jpg","width":1280,"height":823,"caption":"onthepress_ISL"},{"@type":"BreadcrumbList","@id":"https:\/\/derigorefrigeration.com\/fr\/nouvelles\/les-rh-la-sante-et-la-securite-au-travail-sont-etroitement-liees-pour-creer-une-culture-d-entreprise\/#breadcrumb","itemListElement":[{"@type":"ListItem","position":1,"name":"Home","item":"https:\/\/derigorefrigeration.com\/fr\/"},{"@type":"ListItem","position":2,"name":"Les RH, la sant\u00e9 et la s\u00e9curit\u00e9 au travail sont \u00e9troitement li\u00e9es pour cr\u00e9er une culture d&#8217;entreprise"}]},{"@type":"WebSite","@id":"https:\/\/derigorefrigeration.com\/fr\/#website","url":"https:\/\/derigorefrigeration.com\/fr\/","name":"De Rigo Refrigeration","description":"Nous sommes fabricants de t\u00e9l\u00e9commandes, de modules, de chambres froides et d'unit\u00e9s de r\u00e9frig\u00e9ration depuis plus de 50 ans.","publisher":{"@id":"https:\/\/derigorefrigeration.com\/fr\/#organization"},"alternateName":"DRR","potentialAction":[{"@type":"SearchAction","target":{"@type":"EntryPoint","urlTemplate":"https:\/\/derigorefrigeration.com\/fr\/?s={search_term_string}"},"query-input":{"@type":"PropertyValueSpecification","valueRequired":true,"valueName":"search_term_string"}}],"inLanguage":"fr-FR"},{"@type":"Organization","@id":"https:\/\/derigorefrigeration.com\/fr\/#organization","name":"De Rigo Refrigeration","url":"https:\/\/derigorefrigeration.com\/fr\/","logo":{"@type":"ImageObject","inLanguage":"fr-FR","@id":"https:\/\/derigorefrigeration.com\/fr\/#\/schema\/logo\/image\/","url":"https:\/\/derigorefrigeration.com\/wp-content\/uploads\/2023\/11\/logo_de_rigo.svg","contentUrl":"https:\/\/derigorefrigeration.com\/wp-content\/uploads\/2023\/11\/logo_de_rigo.svg","width":265,"height":56,"caption":"De Rigo Refrigeration"},"image":{"@id":"https:\/\/derigorefrigeration.com\/fr\/#\/schema\/logo\/image\/"}},{"@type":"Person","@id":"https:\/\/derigorefrigeration.com\/fr\/#\/schema\/person\/5925364b82d1760a027fd2e399486632","name":"drrwkp","sameAs":["https:\/\/beaverlab.com"],"url":"https:\/\/derigorefrigeration.com\/fr\/author\/drrwkp\/"}]}},"_links":{"self":[{"href":"https:\/\/derigorefrigeration.com\/fr\/wp-json\/wp\/v2\/posts\/94407","targetHints":{"allow":["GET"]}}],"collection":[{"href":"https:\/\/derigorefrigeration.com\/fr\/wp-json\/wp\/v2\/posts"}],"about":[{"href":"https:\/\/derigorefrigeration.com\/fr\/wp-json\/wp\/v2\/types\/post"}],"author":[{"embeddable":true,"href":"https:\/\/derigorefrigeration.com\/fr\/wp-json\/wp\/v2\/users\/1"}],"replies":[{"embeddable":true,"href":"https:\/\/derigorefrigeration.com\/fr\/wp-json\/wp\/v2\/comments?post=94407"}],"version-history":[{"count":0,"href":"https:\/\/derigorefrigeration.com\/fr\/wp-json\/wp\/v2\/posts\/94407\/revisions"}],"wp:featuredmedia":[{"embeddable":true,"href":"https:\/\/derigorefrigeration.com\/fr\/wp-json\/wp\/v2\/media\/68309"}],"wp:attachment":[{"href":"https:\/\/derigorefrigeration.com\/fr\/wp-json\/wp\/v2\/media?parent=94407"}],"wp:term":[{"taxonomy":"category","embeddable":true,"href":"https:\/\/derigorefrigeration.com\/fr\/wp-json\/wp\/v2\/categories?post=94407"},{"taxonomy":"post_tag","embeddable":true,"href":"https:\/\/derigorefrigeration.com\/fr\/wp-json\/wp\/v2\/tags?post=94407"},{"taxonomy":"location","embeddable":true,"href":"https:\/\/derigorefrigeration.com\/fr\/wp-json\/wp\/v2\/location?post=94407"}],"curies":[{"name":"wp","href":"https:\/\/api.w.org\/{rel}","templated":true}]}}