{"id":94587,"date":"2024-08-01T00:00:00","date_gmt":"2024-07-31T22:00:00","guid":{"rendered":"https:\/\/derigorefrigeration.com\/2024\/08\/01\/de-rigo-refrigeration-rassemble-la-force-de-vente-italie\/"},"modified":"2024-08-01T00:00:00","modified_gmt":"2024-07-31T22:00:00","slug":"de-rigo-refrigeration-rassemble-la-force-de-vente-italie","status":"publish","type":"post","link":"https:\/\/derigorefrigeration.com\/fr\/nouvelles\/de-rigo-refrigeration-rassemble-la-force-de-vente-italie\/","title":{"rendered":"De Rigo Refrigeration rassemble la force de vente Italie"},"content":{"rendered":"<p>La r\u00e9union annuelle que DRR consacre \u00e0 l&rsquo;\u00e9quipe commerciale Italie a eu lieu ces derniers jours en notre si\u00e8ge social ; deux journ\u00e9es d\u00e9di\u00e9es aux partenaires et agents qui suivent les clients dans les diff\u00e9rentes r\u00e9gions de notre p\u00e9ninsule. Une r\u00e9union pour discuter des besoins les plus r\u00e9cents du march\u00e9, partager les r\u00e9sultats obtenus, les objectifs futurs, la nouvelle r\u00e9glementation europ\u00e9enne sur le dossier F-Gas, mais surtout pour pr\u00e9senter toutes les nouveaut\u00e9s sorties pendant ces derniers mois et anticiper ce que nous lancerons prochainement.<br \/>\nEt c&rsquo;est pr\u00e9cis\u00e9ment pour mettre nos produits au centre que pour cette 2024 nous avons d\u00e9cid\u00e9 d&rsquo;organiser l&rsquo;\u00e9v\u00e9nement directement dans le showroom de notre entreprise. Nos collaborateurs ont ainsi pu voir de pr\u00e8s et toucher les nouvelles solutions d\u00e9velopp\u00e9es par notre R&#038;D pour le march\u00e9 italien.<br \/>\nLe directeur g\u00e9n\u00e9ral de De Rigo Refrigeration, Paolo Zenatto, a soulign\u00e9 que le choix d&rsquo;organiser cette r\u00e9union directement au c\u0153ur battant de l&rsquo;entreprise a \u00e9t\u00e9 fait pour donner \u00e9vidence \u00e0 nos collaborateurs externes des importantes interventions d&rsquo;am\u00e9lioration r\u00e9alis\u00e9es dans la zone de production de l&rsquo;usine.<br \/>\nNous remercions tous les participants d&rsquo;avoir partag\u00e9 avec nous cet \u00e9v\u00e9nement important et nous f\u00e9licitons tout particuli\u00e8rement l\u2019\u00e9quipe commerciale italienne, dirig\u00e9e par Fausto Domenghini, pour l&rsquo;excellent travail qu&rsquo;elle accomplit.<\/p>\n","protected":false},"excerpt":{"rendered":"<p>La r\u00e9union annuelle que DRR consacre \u00e0 l&rsquo;\u00e9quipe commerciale Italie a eu lieu ces derniers jours en notre si\u00e8ge social ; deux journ\u00e9es d\u00e9di\u00e9es aux partenaires et agents qui suivent les clients dans les diff\u00e9rentes r\u00e9gions de notre p\u00e9ninsule&#8230;<\/p>\n","protected":false},"author":1,"featured_media":91084,"comment_status":"closed","ping_status":"closed","sticky":false,"template":"","format":"standard","meta":{"_acf_changed":false,"footnotes":""},"categories":[628],"tags":[],"location":[],"class_list":["post-94587","post","type-post","status-publish","format-standard","has-post-thumbnail","hentry","category-nouvelles"],"acf":[],"yoast_head":"<!-- This site is optimized with the Yoast SEO plugin v27.3 - https:\/\/yoast.com\/product\/yoast-seo-wordpress\/ -->\n<title>De Rigo Refrigeration rassemble la force de vente Italie - De Rigo Refrigeration<\/title>\n<meta name=\"robots\" content=\"index, follow, max-snippet:-1, max-image-preview:large, max-video-preview:-1\" \/>\n<link rel=\"canonical\" href=\"https:\/\/derigorefrigeration.com\/fr\/nouvelles\/de-rigo-refrigeration-rassemble-la-force-de-vente-italie\/\" \/>\n<meta property=\"og:locale\" content=\"fr_FR\" \/>\n<meta property=\"og:type\" content=\"article\" \/>\n<meta property=\"og:title\" content=\"De Rigo Refrigeration rassemble la force de vente Italie - De Rigo Refrigeration\" \/>\n<meta property=\"og:description\" content=\"La r\u00e9union annuelle que DRR consacre \u00e0 l&#039;\u00e9quipe commerciale Italie a eu lieu ces derniers jours en notre si\u00e8ge social ; deux journ\u00e9es d\u00e9di\u00e9es aux partenaires et agents qui suivent les clients dans les diff\u00e9rentes r\u00e9gions de notre p\u00e9ninsule...\" \/>\n<meta property=\"og:url\" content=\"https:\/\/derigorefrigeration.com\/fr\/nouvelles\/de-rigo-refrigeration-rassemble-la-force-de-vente-italie\/\" \/>\n<meta property=\"og:site_name\" content=\"De Rigo Refrigeration\" \/>\n<meta property=\"article:published_time\" content=\"2024-07-31T22:00:00+00:00\" \/>\n<meta property=\"og:image\" content=\"https:\/\/derigorefrigeration.com\/wp-content\/uploads\/2025\/01\/20240718_090538-copia-scaled-e1743774510270.jpg\" \/>\n\t<meta property=\"og:image:width\" content=\"800\" \/>\n\t<meta property=\"og:image:height\" content=\"503\" \/>\n\t<meta property=\"og:image:type\" content=\"image\/jpeg\" \/>\n<meta name=\"author\" content=\"drrwkp\" \/>\n<meta name=\"twitter:card\" content=\"summary_large_image\" \/>\n<meta name=\"twitter:label1\" content=\"\u00c9crit par\" \/>\n\t<meta name=\"twitter:data1\" content=\"drrwkp\" \/>\n\t<meta name=\"twitter:label2\" content=\"Dur\u00e9e de lecture estim\u00e9e\" \/>\n\t<meta name=\"twitter:data2\" content=\"1 minute\" \/>\n<script type=\"application\/ld+json\" class=\"yoast-schema-graph\">{\"@context\":\"https:\\\/\\\/schema.org\",\"@graph\":[{\"@type\":\"Article\",\"@id\":\"https:\\\/\\\/derigorefrigeration.com\\\/fr\\\/nouvelles\\\/de-rigo-refrigeration-rassemble-la-force-de-vente-italie\\\/#article\",\"isPartOf\":{\"@id\":\"https:\\\/\\\/derigorefrigeration.com\\\/fr\\\/nouvelles\\\/de-rigo-refrigeration-rassemble-la-force-de-vente-italie\\\/\"},\"author\":{\"name\":\"drrwkp\",\"@id\":\"https:\\\/\\\/derigorefrigeration.com\\\/fr\\\/#\\\/schema\\\/person\\\/5925364b82d1760a027fd2e399486632\"},\"headline\":\"De Rigo Refrigeration rassemble la force de vente Italie\",\"datePublished\":\"2024-07-31T22:00:00+00:00\",\"mainEntityOfPage\":{\"@id\":\"https:\\\/\\\/derigorefrigeration.com\\\/fr\\\/nouvelles\\\/de-rigo-refrigeration-rassemble-la-force-de-vente-italie\\\/\"},\"wordCount\":255,\"publisher\":{\"@id\":\"https:\\\/\\\/derigorefrigeration.com\\\/fr\\\/#organization\"},\"image\":{\"@id\":\"https:\\\/\\\/derigorefrigeration.com\\\/fr\\\/nouvelles\\\/de-rigo-refrigeration-rassemble-la-force-de-vente-italie\\\/#primaryimage\"},\"thumbnailUrl\":\"https:\\\/\\\/derigorefrigeration.com\\\/wp-content\\\/uploads\\\/2025\\\/01\\\/20240718_090538-copia-scaled-e1743774510270.jpg\",\"articleSection\":[\"Nouvelles\"],\"inLanguage\":\"fr-FR\"},{\"@type\":\"WebPage\",\"@id\":\"https:\\\/\\\/derigorefrigeration.com\\\/fr\\\/nouvelles\\\/de-rigo-refrigeration-rassemble-la-force-de-vente-italie\\\/\",\"url\":\"https:\\\/\\\/derigorefrigeration.com\\\/fr\\\/nouvelles\\\/de-rigo-refrigeration-rassemble-la-force-de-vente-italie\\\/\",\"name\":\"De Rigo Refrigeration rassemble la force de vente Italie - De Rigo Refrigeration\",\"isPartOf\":{\"@id\":\"https:\\\/\\\/derigorefrigeration.com\\\/fr\\\/#website\"},\"primaryImageOfPage\":{\"@id\":\"https:\\\/\\\/derigorefrigeration.com\\\/fr\\\/nouvelles\\\/de-rigo-refrigeration-rassemble-la-force-de-vente-italie\\\/#primaryimage\"},\"image\":{\"@id\":\"https:\\\/\\\/derigorefrigeration.com\\\/fr\\\/nouvelles\\\/de-rigo-refrigeration-rassemble-la-force-de-vente-italie\\\/#primaryimage\"},\"thumbnailUrl\":\"https:\\\/\\\/derigorefrigeration.com\\\/wp-content\\\/uploads\\\/2025\\\/01\\\/20240718_090538-copia-scaled-e1743774510270.jpg\",\"datePublished\":\"2024-07-31T22:00:00+00:00\",\"breadcrumb\":{\"@id\":\"https:\\\/\\\/derigorefrigeration.com\\\/fr\\\/nouvelles\\\/de-rigo-refrigeration-rassemble-la-force-de-vente-italie\\\/#breadcrumb\"},\"inLanguage\":\"fr-FR\",\"potentialAction\":[{\"@type\":\"ReadAction\",\"target\":[\"https:\\\/\\\/derigorefrigeration.com\\\/fr\\\/nouvelles\\\/de-rigo-refrigeration-rassemble-la-force-de-vente-italie\\\/\"]}]},{\"@type\":\"ImageObject\",\"inLanguage\":\"fr-FR\",\"@id\":\"https:\\\/\\\/derigorefrigeration.com\\\/fr\\\/nouvelles\\\/de-rigo-refrigeration-rassemble-la-force-de-vente-italie\\\/#primaryimage\",\"url\":\"https:\\\/\\\/derigorefrigeration.com\\\/wp-content\\\/uploads\\\/2025\\\/01\\\/20240718_090538-copia-scaled-e1743774510270.jpg\",\"contentUrl\":\"https:\\\/\\\/derigorefrigeration.com\\\/wp-content\\\/uploads\\\/2025\\\/01\\\/20240718_090538-copia-scaled-e1743774510270.jpg\",\"width\":800,\"height\":503,\"caption\":\"20240718_090538 copia\"},{\"@type\":\"BreadcrumbList\",\"@id\":\"https:\\\/\\\/derigorefrigeration.com\\\/fr\\\/nouvelles\\\/de-rigo-refrigeration-rassemble-la-force-de-vente-italie\\\/#breadcrumb\",\"itemListElement\":[{\"@type\":\"ListItem\",\"position\":1,\"name\":\"Home\",\"item\":\"https:\\\/\\\/derigorefrigeration.com\\\/fr\\\/\"},{\"@type\":\"ListItem\",\"position\":2,\"name\":\"De Rigo Refrigeration rassemble la force de vente Italie\"}]},{\"@type\":\"WebSite\",\"@id\":\"https:\\\/\\\/derigorefrigeration.com\\\/fr\\\/#website\",\"url\":\"https:\\\/\\\/derigorefrigeration.com\\\/fr\\\/\",\"name\":\"De Rigo Refrigeration\",\"description\":\"Nous sommes fabricants de t\u00e9l\u00e9commandes, de modules, de chambres froides et d'unit\u00e9s de r\u00e9frig\u00e9ration depuis plus de 50 ans.\",\"publisher\":{\"@id\":\"https:\\\/\\\/derigorefrigeration.com\\\/fr\\\/#organization\"},\"alternateName\":\"DRR\",\"potentialAction\":[{\"@type\":\"SearchAction\",\"target\":{\"@type\":\"EntryPoint\",\"urlTemplate\":\"https:\\\/\\\/derigorefrigeration.com\\\/fr\\\/?s={search_term_string}\"},\"query-input\":{\"@type\":\"PropertyValueSpecification\",\"valueRequired\":true,\"valueName\":\"search_term_string\"}}],\"inLanguage\":\"fr-FR\"},{\"@type\":\"Organization\",\"@id\":\"https:\\\/\\\/derigorefrigeration.com\\\/fr\\\/#organization\",\"name\":\"De Rigo Refrigeration\",\"url\":\"https:\\\/\\\/derigorefrigeration.com\\\/fr\\\/\",\"logo\":{\"@type\":\"ImageObject\",\"inLanguage\":\"fr-FR\",\"@id\":\"https:\\\/\\\/derigorefrigeration.com\\\/fr\\\/#\\\/schema\\\/logo\\\/image\\\/\",\"url\":\"https:\\\/\\\/derigorefrigeration.com\\\/wp-content\\\/uploads\\\/2023\\\/11\\\/logo_de_rigo.svg\",\"contentUrl\":\"https:\\\/\\\/derigorefrigeration.com\\\/wp-content\\\/uploads\\\/2023\\\/11\\\/logo_de_rigo.svg\",\"width\":265,\"height\":56,\"caption\":\"De Rigo Refrigeration\"},\"image\":{\"@id\":\"https:\\\/\\\/derigorefrigeration.com\\\/fr\\\/#\\\/schema\\\/logo\\\/image\\\/\"}},{\"@type\":\"Person\",\"@id\":\"https:\\\/\\\/derigorefrigeration.com\\\/fr\\\/#\\\/schema\\\/person\\\/5925364b82d1760a027fd2e399486632\",\"name\":\"drrwkp\",\"sameAs\":[\"https:\\\/\\\/beaverlab.com\"],\"url\":\"https:\\\/\\\/derigorefrigeration.com\\\/fr\\\/author\\\/drrwkp\\\/\"}]}<\/script>\n<!-- \/ Yoast SEO plugin. -->","yoast_head_json":{"title":"De Rigo Refrigeration rassemble la force de vente Italie - De Rigo Refrigeration","robots":{"index":"index","follow":"follow","max-snippet":"max-snippet:-1","max-image-preview":"max-image-preview:large","max-video-preview":"max-video-preview:-1"},"canonical":"https:\/\/derigorefrigeration.com\/fr\/nouvelles\/de-rigo-refrigeration-rassemble-la-force-de-vente-italie\/","og_locale":"fr_FR","og_type":"article","og_title":"De Rigo Refrigeration rassemble la force de vente Italie - De Rigo Refrigeration","og_description":"La r\u00e9union annuelle que DRR consacre \u00e0 l'\u00e9quipe commerciale Italie a eu lieu ces derniers jours en notre si\u00e8ge social ; deux journ\u00e9es d\u00e9di\u00e9es aux partenaires et agents qui suivent les clients dans les diff\u00e9rentes r\u00e9gions de notre p\u00e9ninsule...","og_url":"https:\/\/derigorefrigeration.com\/fr\/nouvelles\/de-rigo-refrigeration-rassemble-la-force-de-vente-italie\/","og_site_name":"De Rigo Refrigeration","article_published_time":"2024-07-31T22:00:00+00:00","og_image":[{"width":800,"height":503,"url":"https:\/\/derigorefrigeration.com\/wp-content\/uploads\/2025\/01\/20240718_090538-copia-scaled-e1743774510270.jpg","type":"image\/jpeg"}],"author":"drrwkp","twitter_card":"summary_large_image","twitter_misc":{"\u00c9crit par":"drrwkp","Dur\u00e9e de lecture estim\u00e9e":"1 minute"},"schema":{"@context":"https:\/\/schema.org","@graph":[{"@type":"Article","@id":"https:\/\/derigorefrigeration.com\/fr\/nouvelles\/de-rigo-refrigeration-rassemble-la-force-de-vente-italie\/#article","isPartOf":{"@id":"https:\/\/derigorefrigeration.com\/fr\/nouvelles\/de-rigo-refrigeration-rassemble-la-force-de-vente-italie\/"},"author":{"name":"drrwkp","@id":"https:\/\/derigorefrigeration.com\/fr\/#\/schema\/person\/5925364b82d1760a027fd2e399486632"},"headline":"De Rigo Refrigeration rassemble la force de vente Italie","datePublished":"2024-07-31T22:00:00+00:00","mainEntityOfPage":{"@id":"https:\/\/derigorefrigeration.com\/fr\/nouvelles\/de-rigo-refrigeration-rassemble-la-force-de-vente-italie\/"},"wordCount":255,"publisher":{"@id":"https:\/\/derigorefrigeration.com\/fr\/#organization"},"image":{"@id":"https:\/\/derigorefrigeration.com\/fr\/nouvelles\/de-rigo-refrigeration-rassemble-la-force-de-vente-italie\/#primaryimage"},"thumbnailUrl":"https:\/\/derigorefrigeration.com\/wp-content\/uploads\/2025\/01\/20240718_090538-copia-scaled-e1743774510270.jpg","articleSection":["Nouvelles"],"inLanguage":"fr-FR"},{"@type":"WebPage","@id":"https:\/\/derigorefrigeration.com\/fr\/nouvelles\/de-rigo-refrigeration-rassemble-la-force-de-vente-italie\/","url":"https:\/\/derigorefrigeration.com\/fr\/nouvelles\/de-rigo-refrigeration-rassemble-la-force-de-vente-italie\/","name":"De Rigo Refrigeration rassemble la force de vente Italie - De Rigo Refrigeration","isPartOf":{"@id":"https:\/\/derigorefrigeration.com\/fr\/#website"},"primaryImageOfPage":{"@id":"https:\/\/derigorefrigeration.com\/fr\/nouvelles\/de-rigo-refrigeration-rassemble-la-force-de-vente-italie\/#primaryimage"},"image":{"@id":"https:\/\/derigorefrigeration.com\/fr\/nouvelles\/de-rigo-refrigeration-rassemble-la-force-de-vente-italie\/#primaryimage"},"thumbnailUrl":"https:\/\/derigorefrigeration.com\/wp-content\/uploads\/2025\/01\/20240718_090538-copia-scaled-e1743774510270.jpg","datePublished":"2024-07-31T22:00:00+00:00","breadcrumb":{"@id":"https:\/\/derigorefrigeration.com\/fr\/nouvelles\/de-rigo-refrigeration-rassemble-la-force-de-vente-italie\/#breadcrumb"},"inLanguage":"fr-FR","potentialAction":[{"@type":"ReadAction","target":["https:\/\/derigorefrigeration.com\/fr\/nouvelles\/de-rigo-refrigeration-rassemble-la-force-de-vente-italie\/"]}]},{"@type":"ImageObject","inLanguage":"fr-FR","@id":"https:\/\/derigorefrigeration.com\/fr\/nouvelles\/de-rigo-refrigeration-rassemble-la-force-de-vente-italie\/#primaryimage","url":"https:\/\/derigorefrigeration.com\/wp-content\/uploads\/2025\/01\/20240718_090538-copia-scaled-e1743774510270.jpg","contentUrl":"https:\/\/derigorefrigeration.com\/wp-content\/uploads\/2025\/01\/20240718_090538-copia-scaled-e1743774510270.jpg","width":800,"height":503,"caption":"20240718_090538 copia"},{"@type":"BreadcrumbList","@id":"https:\/\/derigorefrigeration.com\/fr\/nouvelles\/de-rigo-refrigeration-rassemble-la-force-de-vente-italie\/#breadcrumb","itemListElement":[{"@type":"ListItem","position":1,"name":"Home","item":"https:\/\/derigorefrigeration.com\/fr\/"},{"@type":"ListItem","position":2,"name":"De Rigo Refrigeration rassemble la force de vente Italie"}]},{"@type":"WebSite","@id":"https:\/\/derigorefrigeration.com\/fr\/#website","url":"https:\/\/derigorefrigeration.com\/fr\/","name":"De Rigo Refrigeration","description":"Nous sommes fabricants de t\u00e9l\u00e9commandes, de modules, de chambres froides et d'unit\u00e9s de r\u00e9frig\u00e9ration depuis plus de 50 ans.","publisher":{"@id":"https:\/\/derigorefrigeration.com\/fr\/#organization"},"alternateName":"DRR","potentialAction":[{"@type":"SearchAction","target":{"@type":"EntryPoint","urlTemplate":"https:\/\/derigorefrigeration.com\/fr\/?s={search_term_string}"},"query-input":{"@type":"PropertyValueSpecification","valueRequired":true,"valueName":"search_term_string"}}],"inLanguage":"fr-FR"},{"@type":"Organization","@id":"https:\/\/derigorefrigeration.com\/fr\/#organization","name":"De Rigo Refrigeration","url":"https:\/\/derigorefrigeration.com\/fr\/","logo":{"@type":"ImageObject","inLanguage":"fr-FR","@id":"https:\/\/derigorefrigeration.com\/fr\/#\/schema\/logo\/image\/","url":"https:\/\/derigorefrigeration.com\/wp-content\/uploads\/2023\/11\/logo_de_rigo.svg","contentUrl":"https:\/\/derigorefrigeration.com\/wp-content\/uploads\/2023\/11\/logo_de_rigo.svg","width":265,"height":56,"caption":"De Rigo Refrigeration"},"image":{"@id":"https:\/\/derigorefrigeration.com\/fr\/#\/schema\/logo\/image\/"}},{"@type":"Person","@id":"https:\/\/derigorefrigeration.com\/fr\/#\/schema\/person\/5925364b82d1760a027fd2e399486632","name":"drrwkp","sameAs":["https:\/\/beaverlab.com"],"url":"https:\/\/derigorefrigeration.com\/fr\/author\/drrwkp\/"}]}},"_links":{"self":[{"href":"https:\/\/derigorefrigeration.com\/fr\/wp-json\/wp\/v2\/posts\/94587","targetHints":{"allow":["GET"]}}],"collection":[{"href":"https:\/\/derigorefrigeration.com\/fr\/wp-json\/wp\/v2\/posts"}],"about":[{"href":"https:\/\/derigorefrigeration.com\/fr\/wp-json\/wp\/v2\/types\/post"}],"author":[{"embeddable":true,"href":"https:\/\/derigorefrigeration.com\/fr\/wp-json\/wp\/v2\/users\/1"}],"replies":[{"embeddable":true,"href":"https:\/\/derigorefrigeration.com\/fr\/wp-json\/wp\/v2\/comments?post=94587"}],"version-history":[{"count":0,"href":"https:\/\/derigorefrigeration.com\/fr\/wp-json\/wp\/v2\/posts\/94587\/revisions"}],"wp:featuredmedia":[{"embeddable":true,"href":"https:\/\/derigorefrigeration.com\/fr\/wp-json\/wp\/v2\/media\/91084"}],"wp:attachment":[{"href":"https:\/\/derigorefrigeration.com\/fr\/wp-json\/wp\/v2\/media?parent=94587"}],"wp:term":[{"taxonomy":"category","embeddable":true,"href":"https:\/\/derigorefrigeration.com\/fr\/wp-json\/wp\/v2\/categories?post=94587"},{"taxonomy":"post_tag","embeddable":true,"href":"https:\/\/derigorefrigeration.com\/fr\/wp-json\/wp\/v2\/tags?post=94587"},{"taxonomy":"location","embeddable":true,"href":"https:\/\/derigorefrigeration.com\/fr\/wp-json\/wp\/v2\/location?post=94587"}],"curies":[{"name":"wp","href":"https:\/\/api.w.org\/{rel}","templated":true}]}}