{"id":94637,"date":"2024-09-25T00:00:00","date_gmt":"2024-09-24T22:00:00","guid":{"rendered":"https:\/\/derigorefrigeration.com\/2024\/09\/25\/de-rigo-refrigeration-rencontre-les-lyceens-de-derniere-annee\/"},"modified":"2024-09-25T00:00:00","modified_gmt":"2024-09-24T22:00:00","slug":"de-rigo-refrigeration-rencontre-les-lyceens-de-derniere-annee","status":"publish","type":"post","link":"https:\/\/derigorefrigeration.com\/fr\/nouvelles\/de-rigo-refrigeration-rencontre-les-lyceens-de-derniere-annee\/","title":{"rendered":"De Rigo Refrigeration rencontre les lyc\u00e9ens de derni\u00e8re ann\u00e9e"},"content":{"rendered":"<p>Notre entreprise a r&eacute;cemment particip&eacute; &agrave; un &eacute;v&eacute;nement important visant &agrave; rapprocher les lyc&eacute;ens derni&egrave;re ann&eacute;e des entreprises les plus importantes de la province de Belluno.<br \/>\nUn &eacute;v&eacute;nement cr&eacute;&eacute; dans le but de faire d&eacute;couvrir aux jeunes les principales r&eacute;alit&eacute;s entrepreneuriales de notre territoire et de les aider &agrave; s&#39;orienter dans le monde du travail.<br \/>\nDe Rigo Refrigeration ne pouvait pas manquer ce rendez-vous. Graziella Bortot, responsable du personnel et le directeur technique Marco Miatton, ont expliqu&eacute; aux &eacute;tudiants ce que fait notre entreprise et quelles comp&eacute;tences sont les plus demand&eacute;es dans le secteur de la r&eacute;frig&eacute;ration commerciale.<br \/>\nA travers des laboratoires et des simulations d&#39;entretiens d&#39;embauche les &eacute;tudiants ont pu mieux comprendre ce que la r&eacute;alit&eacute; industrielle de ce splendide territoire peut leur offrir.<br \/>\nChez DRR nous sommes convaincus que la relation avec les nouvelles g&eacute;n&eacute;rations est fondamentale&nbsp;: les &eacute;couter et les accompagner dans le choix d&#39;un futur parcours professionnel permet de cr&eacute;er une combinaison gagnante entre leurs aspirations et l&#39;offre r&eacute;elle du march&eacute; industriel.<\/p>\n<p>&nbsp;<\/p>\n","protected":false},"excerpt":{"rendered":"<p>Notre entreprise a r\u00e9cemment particip\u00e9 \u00e0 un \u00e9v\u00e9nement important visant \u00e0 rapprocher les lyc\u00e9ens derni\u00e8re ann\u00e9e des entreprises les plus importantes de la province de Belluno&#8230;<\/p>\n","protected":false},"author":1,"featured_media":91094,"comment_status":"closed","ping_status":"closed","sticky":false,"template":"","format":"standard","meta":{"_acf_changed":false,"footnotes":""},"categories":[628],"tags":[],"location":[],"class_list":["post-94637","post","type-post","status-publish","format-standard","has-post-thumbnail","hentry","category-nouvelles"],"acf":[],"yoast_head":"<!-- This site is optimized with the Yoast SEO plugin v27.3 - https:\/\/yoast.com\/product\/yoast-seo-wordpress\/ -->\n<title>De Rigo Refrigeration rencontre les lyc\u00e9ens de derni\u00e8re ann\u00e9e - De Rigo Refrigeration<\/title>\n<meta name=\"robots\" content=\"index, follow, max-snippet:-1, max-image-preview:large, max-video-preview:-1\" \/>\n<link rel=\"canonical\" href=\"https:\/\/derigorefrigeration.com\/fr\/nouvelles\/de-rigo-refrigeration-rencontre-les-lyceens-de-derniere-annee\/\" \/>\n<meta property=\"og:locale\" content=\"fr_FR\" \/>\n<meta property=\"og:type\" content=\"article\" \/>\n<meta property=\"og:title\" content=\"De Rigo Refrigeration rencontre les lyc\u00e9ens de derni\u00e8re ann\u00e9e - De Rigo Refrigeration\" \/>\n<meta property=\"og:description\" content=\"Notre entreprise a r\u00e9cemment particip\u00e9 \u00e0 un \u00e9v\u00e9nement important visant \u00e0 rapprocher les lyc\u00e9ens derni\u00e8re ann\u00e9e des entreprises les plus importantes de la province de Belluno...\" \/>\n<meta property=\"og:url\" content=\"https:\/\/derigorefrigeration.com\/fr\/nouvelles\/de-rigo-refrigeration-rencontre-les-lyceens-de-derniere-annee\/\" \/>\n<meta property=\"og:site_name\" content=\"De Rigo Refrigeration\" \/>\n<meta property=\"article:published_time\" content=\"2024-09-24T22:00:00+00:00\" \/>\n<meta property=\"og:image\" content=\"https:\/\/derigorefrigeration.com\/wp-content\/uploads\/2025\/01\/Carriera-360-sito.jpg\" \/>\n\t<meta property=\"og:image:width\" content=\"1280\" \/>\n\t<meta property=\"og:image:height\" content=\"823\" \/>\n\t<meta property=\"og:image:type\" content=\"image\/jpeg\" \/>\n<meta name=\"author\" content=\"drrwkp\" \/>\n<meta name=\"twitter:card\" content=\"summary_large_image\" \/>\n<meta name=\"twitter:label1\" content=\"\u00c9crit par\" \/>\n\t<meta name=\"twitter:data1\" content=\"drrwkp\" \/>\n\t<meta name=\"twitter:label2\" content=\"Dur\u00e9e de lecture estim\u00e9e\" \/>\n\t<meta name=\"twitter:data2\" content=\"1 minute\" \/>\n<script type=\"application\/ld+json\" class=\"yoast-schema-graph\">{\"@context\":\"https:\\\/\\\/schema.org\",\"@graph\":[{\"@type\":\"Article\",\"@id\":\"https:\\\/\\\/derigorefrigeration.com\\\/fr\\\/nouvelles\\\/de-rigo-refrigeration-rencontre-les-lyceens-de-derniere-annee\\\/#article\",\"isPartOf\":{\"@id\":\"https:\\\/\\\/derigorefrigeration.com\\\/fr\\\/nouvelles\\\/de-rigo-refrigeration-rencontre-les-lyceens-de-derniere-annee\\\/\"},\"author\":{\"name\":\"drrwkp\",\"@id\":\"https:\\\/\\\/derigorefrigeration.com\\\/fr\\\/#\\\/schema\\\/person\\\/5925364b82d1760a027fd2e399486632\"},\"headline\":\"De Rigo Refrigeration rencontre les lyc\u00e9ens de derni\u00e8re ann\u00e9e\",\"datePublished\":\"2024-09-24T22:00:00+00:00\",\"mainEntityOfPage\":{\"@id\":\"https:\\\/\\\/derigorefrigeration.com\\\/fr\\\/nouvelles\\\/de-rigo-refrigeration-rencontre-les-lyceens-de-derniere-annee\\\/\"},\"wordCount\":232,\"publisher\":{\"@id\":\"https:\\\/\\\/derigorefrigeration.com\\\/fr\\\/#organization\"},\"image\":{\"@id\":\"https:\\\/\\\/derigorefrigeration.com\\\/fr\\\/nouvelles\\\/de-rigo-refrigeration-rencontre-les-lyceens-de-derniere-annee\\\/#primaryimage\"},\"thumbnailUrl\":\"https:\\\/\\\/derigorefrigeration.com\\\/wp-content\\\/uploads\\\/2025\\\/01\\\/Carriera-360-sito-e1743774439322.jpg\",\"articleSection\":[\"Nouvelles\"],\"inLanguage\":\"fr-FR\"},{\"@type\":\"WebPage\",\"@id\":\"https:\\\/\\\/derigorefrigeration.com\\\/fr\\\/nouvelles\\\/de-rigo-refrigeration-rencontre-les-lyceens-de-derniere-annee\\\/\",\"url\":\"https:\\\/\\\/derigorefrigeration.com\\\/fr\\\/nouvelles\\\/de-rigo-refrigeration-rencontre-les-lyceens-de-derniere-annee\\\/\",\"name\":\"De Rigo Refrigeration rencontre les lyc\u00e9ens de derni\u00e8re ann\u00e9e - De Rigo Refrigeration\",\"isPartOf\":{\"@id\":\"https:\\\/\\\/derigorefrigeration.com\\\/fr\\\/#website\"},\"primaryImageOfPage\":{\"@id\":\"https:\\\/\\\/derigorefrigeration.com\\\/fr\\\/nouvelles\\\/de-rigo-refrigeration-rencontre-les-lyceens-de-derniere-annee\\\/#primaryimage\"},\"image\":{\"@id\":\"https:\\\/\\\/derigorefrigeration.com\\\/fr\\\/nouvelles\\\/de-rigo-refrigeration-rencontre-les-lyceens-de-derniere-annee\\\/#primaryimage\"},\"thumbnailUrl\":\"https:\\\/\\\/derigorefrigeration.com\\\/wp-content\\\/uploads\\\/2025\\\/01\\\/Carriera-360-sito-e1743774439322.jpg\",\"datePublished\":\"2024-09-24T22:00:00+00:00\",\"breadcrumb\":{\"@id\":\"https:\\\/\\\/derigorefrigeration.com\\\/fr\\\/nouvelles\\\/de-rigo-refrigeration-rencontre-les-lyceens-de-derniere-annee\\\/#breadcrumb\"},\"inLanguage\":\"fr-FR\",\"potentialAction\":[{\"@type\":\"ReadAction\",\"target\":[\"https:\\\/\\\/derigorefrigeration.com\\\/fr\\\/nouvelles\\\/de-rigo-refrigeration-rencontre-les-lyceens-de-derniere-annee\\\/\"]}]},{\"@type\":\"ImageObject\",\"inLanguage\":\"fr-FR\",\"@id\":\"https:\\\/\\\/derigorefrigeration.com\\\/fr\\\/nouvelles\\\/de-rigo-refrigeration-rencontre-les-lyceens-de-derniere-annee\\\/#primaryimage\",\"url\":\"https:\\\/\\\/derigorefrigeration.com\\\/wp-content\\\/uploads\\\/2025\\\/01\\\/Carriera-360-sito-e1743774439322.jpg\",\"contentUrl\":\"https:\\\/\\\/derigorefrigeration.com\\\/wp-content\\\/uploads\\\/2025\\\/01\\\/Carriera-360-sito-e1743774439322.jpg\",\"width\":800,\"height\":514,\"caption\":\"Carriera-360-sito\"},{\"@type\":\"BreadcrumbList\",\"@id\":\"https:\\\/\\\/derigorefrigeration.com\\\/fr\\\/nouvelles\\\/de-rigo-refrigeration-rencontre-les-lyceens-de-derniere-annee\\\/#breadcrumb\",\"itemListElement\":[{\"@type\":\"ListItem\",\"position\":1,\"name\":\"Home\",\"item\":\"https:\\\/\\\/derigorefrigeration.com\\\/fr\\\/\"},{\"@type\":\"ListItem\",\"position\":2,\"name\":\"De Rigo Refrigeration rencontre les lyc\u00e9ens de derni\u00e8re ann\u00e9e\"}]},{\"@type\":\"WebSite\",\"@id\":\"https:\\\/\\\/derigorefrigeration.com\\\/fr\\\/#website\",\"url\":\"https:\\\/\\\/derigorefrigeration.com\\\/fr\\\/\",\"name\":\"De Rigo Refrigeration\",\"description\":\"Nous sommes fabricants de t\u00e9l\u00e9commandes, de modules, de chambres froides et d'unit\u00e9s de r\u00e9frig\u00e9ration depuis plus de 50 ans.\",\"publisher\":{\"@id\":\"https:\\\/\\\/derigorefrigeration.com\\\/fr\\\/#organization\"},\"alternateName\":\"DRR\",\"potentialAction\":[{\"@type\":\"SearchAction\",\"target\":{\"@type\":\"EntryPoint\",\"urlTemplate\":\"https:\\\/\\\/derigorefrigeration.com\\\/fr\\\/?s={search_term_string}\"},\"query-input\":{\"@type\":\"PropertyValueSpecification\",\"valueRequired\":true,\"valueName\":\"search_term_string\"}}],\"inLanguage\":\"fr-FR\"},{\"@type\":\"Organization\",\"@id\":\"https:\\\/\\\/derigorefrigeration.com\\\/fr\\\/#organization\",\"name\":\"De Rigo Refrigeration\",\"url\":\"https:\\\/\\\/derigorefrigeration.com\\\/fr\\\/\",\"logo\":{\"@type\":\"ImageObject\",\"inLanguage\":\"fr-FR\",\"@id\":\"https:\\\/\\\/derigorefrigeration.com\\\/fr\\\/#\\\/schema\\\/logo\\\/image\\\/\",\"url\":\"https:\\\/\\\/derigorefrigeration.com\\\/wp-content\\\/uploads\\\/2023\\\/11\\\/logo_de_rigo.svg\",\"contentUrl\":\"https:\\\/\\\/derigorefrigeration.com\\\/wp-content\\\/uploads\\\/2023\\\/11\\\/logo_de_rigo.svg\",\"width\":265,\"height\":56,\"caption\":\"De Rigo Refrigeration\"},\"image\":{\"@id\":\"https:\\\/\\\/derigorefrigeration.com\\\/fr\\\/#\\\/schema\\\/logo\\\/image\\\/\"}},{\"@type\":\"Person\",\"@id\":\"https:\\\/\\\/derigorefrigeration.com\\\/fr\\\/#\\\/schema\\\/person\\\/5925364b82d1760a027fd2e399486632\",\"name\":\"drrwkp\",\"sameAs\":[\"https:\\\/\\\/beaverlab.com\"],\"url\":\"https:\\\/\\\/derigorefrigeration.com\\\/fr\\\/author\\\/drrwkp\\\/\"}]}<\/script>\n<!-- \/ Yoast SEO plugin. -->","yoast_head_json":{"title":"De Rigo Refrigeration rencontre les lyc\u00e9ens de derni\u00e8re ann\u00e9e - De Rigo Refrigeration","robots":{"index":"index","follow":"follow","max-snippet":"max-snippet:-1","max-image-preview":"max-image-preview:large","max-video-preview":"max-video-preview:-1"},"canonical":"https:\/\/derigorefrigeration.com\/fr\/nouvelles\/de-rigo-refrigeration-rencontre-les-lyceens-de-derniere-annee\/","og_locale":"fr_FR","og_type":"article","og_title":"De Rigo Refrigeration rencontre les lyc\u00e9ens de derni\u00e8re ann\u00e9e - De Rigo Refrigeration","og_description":"Notre entreprise a r\u00e9cemment particip\u00e9 \u00e0 un \u00e9v\u00e9nement important visant \u00e0 rapprocher les lyc\u00e9ens derni\u00e8re ann\u00e9e des entreprises les plus importantes de la province de Belluno...","og_url":"https:\/\/derigorefrigeration.com\/fr\/nouvelles\/de-rigo-refrigeration-rencontre-les-lyceens-de-derniere-annee\/","og_site_name":"De Rigo Refrigeration","article_published_time":"2024-09-24T22:00:00+00:00","og_image":[{"width":1280,"height":823,"url":"https:\/\/derigorefrigeration.com\/wp-content\/uploads\/2025\/01\/Carriera-360-sito.jpg","type":"image\/jpeg"}],"author":"drrwkp","twitter_card":"summary_large_image","twitter_misc":{"\u00c9crit par":"drrwkp","Dur\u00e9e de lecture estim\u00e9e":"1 minute"},"schema":{"@context":"https:\/\/schema.org","@graph":[{"@type":"Article","@id":"https:\/\/derigorefrigeration.com\/fr\/nouvelles\/de-rigo-refrigeration-rencontre-les-lyceens-de-derniere-annee\/#article","isPartOf":{"@id":"https:\/\/derigorefrigeration.com\/fr\/nouvelles\/de-rigo-refrigeration-rencontre-les-lyceens-de-derniere-annee\/"},"author":{"name":"drrwkp","@id":"https:\/\/derigorefrigeration.com\/fr\/#\/schema\/person\/5925364b82d1760a027fd2e399486632"},"headline":"De Rigo Refrigeration rencontre les lyc\u00e9ens de derni\u00e8re ann\u00e9e","datePublished":"2024-09-24T22:00:00+00:00","mainEntityOfPage":{"@id":"https:\/\/derigorefrigeration.com\/fr\/nouvelles\/de-rigo-refrigeration-rencontre-les-lyceens-de-derniere-annee\/"},"wordCount":232,"publisher":{"@id":"https:\/\/derigorefrigeration.com\/fr\/#organization"},"image":{"@id":"https:\/\/derigorefrigeration.com\/fr\/nouvelles\/de-rigo-refrigeration-rencontre-les-lyceens-de-derniere-annee\/#primaryimage"},"thumbnailUrl":"https:\/\/derigorefrigeration.com\/wp-content\/uploads\/2025\/01\/Carriera-360-sito-e1743774439322.jpg","articleSection":["Nouvelles"],"inLanguage":"fr-FR"},{"@type":"WebPage","@id":"https:\/\/derigorefrigeration.com\/fr\/nouvelles\/de-rigo-refrigeration-rencontre-les-lyceens-de-derniere-annee\/","url":"https:\/\/derigorefrigeration.com\/fr\/nouvelles\/de-rigo-refrigeration-rencontre-les-lyceens-de-derniere-annee\/","name":"De Rigo Refrigeration rencontre les lyc\u00e9ens de derni\u00e8re ann\u00e9e - De Rigo Refrigeration","isPartOf":{"@id":"https:\/\/derigorefrigeration.com\/fr\/#website"},"primaryImageOfPage":{"@id":"https:\/\/derigorefrigeration.com\/fr\/nouvelles\/de-rigo-refrigeration-rencontre-les-lyceens-de-derniere-annee\/#primaryimage"},"image":{"@id":"https:\/\/derigorefrigeration.com\/fr\/nouvelles\/de-rigo-refrigeration-rencontre-les-lyceens-de-derniere-annee\/#primaryimage"},"thumbnailUrl":"https:\/\/derigorefrigeration.com\/wp-content\/uploads\/2025\/01\/Carriera-360-sito-e1743774439322.jpg","datePublished":"2024-09-24T22:00:00+00:00","breadcrumb":{"@id":"https:\/\/derigorefrigeration.com\/fr\/nouvelles\/de-rigo-refrigeration-rencontre-les-lyceens-de-derniere-annee\/#breadcrumb"},"inLanguage":"fr-FR","potentialAction":[{"@type":"ReadAction","target":["https:\/\/derigorefrigeration.com\/fr\/nouvelles\/de-rigo-refrigeration-rencontre-les-lyceens-de-derniere-annee\/"]}]},{"@type":"ImageObject","inLanguage":"fr-FR","@id":"https:\/\/derigorefrigeration.com\/fr\/nouvelles\/de-rigo-refrigeration-rencontre-les-lyceens-de-derniere-annee\/#primaryimage","url":"https:\/\/derigorefrigeration.com\/wp-content\/uploads\/2025\/01\/Carriera-360-sito-e1743774439322.jpg","contentUrl":"https:\/\/derigorefrigeration.com\/wp-content\/uploads\/2025\/01\/Carriera-360-sito-e1743774439322.jpg","width":800,"height":514,"caption":"Carriera-360-sito"},{"@type":"BreadcrumbList","@id":"https:\/\/derigorefrigeration.com\/fr\/nouvelles\/de-rigo-refrigeration-rencontre-les-lyceens-de-derniere-annee\/#breadcrumb","itemListElement":[{"@type":"ListItem","position":1,"name":"Home","item":"https:\/\/derigorefrigeration.com\/fr\/"},{"@type":"ListItem","position":2,"name":"De Rigo Refrigeration rencontre les lyc\u00e9ens de derni\u00e8re ann\u00e9e"}]},{"@type":"WebSite","@id":"https:\/\/derigorefrigeration.com\/fr\/#website","url":"https:\/\/derigorefrigeration.com\/fr\/","name":"De Rigo Refrigeration","description":"Nous sommes fabricants de t\u00e9l\u00e9commandes, de modules, de chambres froides et d'unit\u00e9s de r\u00e9frig\u00e9ration depuis plus de 50 ans.","publisher":{"@id":"https:\/\/derigorefrigeration.com\/fr\/#organization"},"alternateName":"DRR","potentialAction":[{"@type":"SearchAction","target":{"@type":"EntryPoint","urlTemplate":"https:\/\/derigorefrigeration.com\/fr\/?s={search_term_string}"},"query-input":{"@type":"PropertyValueSpecification","valueRequired":true,"valueName":"search_term_string"}}],"inLanguage":"fr-FR"},{"@type":"Organization","@id":"https:\/\/derigorefrigeration.com\/fr\/#organization","name":"De Rigo Refrigeration","url":"https:\/\/derigorefrigeration.com\/fr\/","logo":{"@type":"ImageObject","inLanguage":"fr-FR","@id":"https:\/\/derigorefrigeration.com\/fr\/#\/schema\/logo\/image\/","url":"https:\/\/derigorefrigeration.com\/wp-content\/uploads\/2023\/11\/logo_de_rigo.svg","contentUrl":"https:\/\/derigorefrigeration.com\/wp-content\/uploads\/2023\/11\/logo_de_rigo.svg","width":265,"height":56,"caption":"De Rigo Refrigeration"},"image":{"@id":"https:\/\/derigorefrigeration.com\/fr\/#\/schema\/logo\/image\/"}},{"@type":"Person","@id":"https:\/\/derigorefrigeration.com\/fr\/#\/schema\/person\/5925364b82d1760a027fd2e399486632","name":"drrwkp","sameAs":["https:\/\/beaverlab.com"],"url":"https:\/\/derigorefrigeration.com\/fr\/author\/drrwkp\/"}]}},"_links":{"self":[{"href":"https:\/\/derigorefrigeration.com\/fr\/wp-json\/wp\/v2\/posts\/94637","targetHints":{"allow":["GET"]}}],"collection":[{"href":"https:\/\/derigorefrigeration.com\/fr\/wp-json\/wp\/v2\/posts"}],"about":[{"href":"https:\/\/derigorefrigeration.com\/fr\/wp-json\/wp\/v2\/types\/post"}],"author":[{"embeddable":true,"href":"https:\/\/derigorefrigeration.com\/fr\/wp-json\/wp\/v2\/users\/1"}],"replies":[{"embeddable":true,"href":"https:\/\/derigorefrigeration.com\/fr\/wp-json\/wp\/v2\/comments?post=94637"}],"version-history":[{"count":0,"href":"https:\/\/derigorefrigeration.com\/fr\/wp-json\/wp\/v2\/posts\/94637\/revisions"}],"wp:featuredmedia":[{"embeddable":true,"href":"https:\/\/derigorefrigeration.com\/fr\/wp-json\/wp\/v2\/media\/91094"}],"wp:attachment":[{"href":"https:\/\/derigorefrigeration.com\/fr\/wp-json\/wp\/v2\/media?parent=94637"}],"wp:term":[{"taxonomy":"category","embeddable":true,"href":"https:\/\/derigorefrigeration.com\/fr\/wp-json\/wp\/v2\/categories?post=94637"},{"taxonomy":"post_tag","embeddable":true,"href":"https:\/\/derigorefrigeration.com\/fr\/wp-json\/wp\/v2\/tags?post=94637"},{"taxonomy":"location","embeddable":true,"href":"https:\/\/derigorefrigeration.com\/fr\/wp-json\/wp\/v2\/location?post=94637"}],"curies":[{"name":"wp","href":"https:\/\/api.w.org\/{rel}","templated":true}]}}